{"id":4712,"date":"2020-08-07T09:15:24","date_gmt":"2020-08-07T14:15:24","guid":{"rendered":"https:\/\/encuentroinformativo.com\/?p=4712"},"modified":"2020-08-07T08:44:03","modified_gmt":"2020-08-07T13:44:03","slug":"omar-maleza-de-casa","status":"publish","type":"post","link":"https:\/\/encuentroinformativo.com.mx\/?p=4712","title":{"rendered":"Omar, maleza de casa&#8230;"},"content":{"rendered":"\n<p><strong>Los Pol\u00edticos<\/strong><\/p>\n\n\n\n<p><strong>Salvador Mu\u00f1oz<\/strong><br><\/p>\n\n\n\n<p>Por mera desubicaci\u00f3n, tom\u00e9 la avenida Justino Sarmiento cuando ten\u00eda que dirigirme a la avenida P\u00edpila\u2026 as\u00ed que tuve que buscar alguna calle que me reincorporara a mi destino primario y entr\u00e9 en la Antonio P\u00e9rez Rivera\u2026 todo iba bien cuando faltando unos metros para llegar a la avenida P\u00edpila, vi una enorme barda verde al frente\u2026 \u00a1se los juro que me desubiqu\u00e9 de nuevo! \u00bfA d\u00f3nde demonios iba a salir? Conforme me acercaba al cruce, empec\u00e9 a ver qu\u00e9 era esa pared \u201cclorada\u201d (mamila que es uno para no repetir verde): un mont\u00f3n de maleza en el camell\u00f3n de la avenida P\u00edpila que tapaba el paisaje que regularmente espera uno encontrar\u2026 al incorporarme a la r\u00faa, pude ver entonces que toda la avenida estaba as\u00ed: llena de maleza, yerbas, pastos y dem\u00e1s, sumamente crecidos, tanto, que en algunos cruces peatonales, las personas no se ven y pasan as\u00ed como el meme de Homero Simpson que se pierde en una barda de arbustos\u2026 \u00bflo recuerdan? PD Les debo la foto\u2026 iba conduciendo&#8230;<\/p>\n\n\n\n<p>S\u00ed, a pesar de \u201clos enormes esfuerzos\u201d del presidente municipal (s\u00ed, igual me re\u00ed cada vez que le\u00ed esa oraci\u00f3n), muchos puntos de nuestra Xalapa siguen siendo escenarios perfectos para locaciones de un \u201cWalking Dead\u201d por el abandono en que se encuentran camellones, parques y \u00e1reas verdes.<\/p>\n\n\n\n<p>Quiz\u00e1s por eso, el diputado local Omar Miranda Romero exhort\u00f3 a Hip\u00f3lito Rodr\u00edguez Herrero a que active el Programa de Empleo Temporal y le entre a limpiar estos puntos verdes de la ciudad porque de este modo, se mata a dos p\u00e1jaros de un tiro: se da chamba y se elimina cualquier posibilidad de espacios para la reproducci\u00f3n del mosquito del dengue\u2026<\/p>\n\n\n\n<p>Para poner el ejemplo, el diputado decidi\u00f3 hacer faena en el parque Lomas del Seminario con el apoyo de los vecinos\u2026 creo que hasta all\u00ed, en t\u00e9rminos c\u00edvicos, bien merece un reconocimiento Omar Miranda\u2026 aunque en t\u00e9rminos pol\u00edticos, \u00a1no!<\/p>\n\n\n\n<p>Me explico:<\/p>\n\n\n\n<p>Muy independiente de la preocupaci\u00f3n por el entorno de la Ciudad Capital que tiene el legislador, parece que le interesa m\u00e1s \u201chacer campa\u00f1a\u201d que resolver los problemas internos que guarda el Grupo Legislativo el cual \u00e9l encabeza. Conste: P\u00e1rrafo anterior puse \u201cen t\u00e9rminos pol\u00edticos\u201d&#8230; no nos enojamos que haga faena\u2026<\/p>\n\n\n\n<p>Las cosas no pasan por lo que son, sino por lo que parecen, y parece que Omar Miranda ya dej\u00f3 en manos del CEN del PAN la suerte de los ocho diputados de su bancada que le volvieron a jugar chueco en la pasada sesi\u00f3n legislativa y por eso su inter\u00e9s en su campa\u00f1a verde.<\/p>\n\n\n\n<p>S\u00ed, creemos que posiblemente ya agot\u00f3 todas las instancias, recursos, modos y maneras de llamar al di\u00e1logo, al consenso, al acuerdo con esos ocho diputados y posiblemente lo hayan mandado por un tubo (como AMLO\u2026 \u00bfrecuerdan?: \u201c\u00a1Al diablo con sus instituciones!\u201d&#8230; esperemos que si as\u00ed fue, no hayan llegado al rancho de AMLO\u2026 eso s\u00ed ser\u00eda feo entre compa\u00f1eros de bancada\u2026) y quiz\u00e1s por eso, porque ya no hay modo de que haya un arreglo pol\u00edtico entre \u00e9l y sus compa\u00f1eros, es que se desentiende de uno de los puntos m\u00e1s \u00e1lgidos que tiene como cabeza de bancada en el Congreso del Estado: la desuni\u00f3n del Grupo Legislativo del PAN.<\/p>\n\n\n\n<p>As\u00ed, Omar Miranda manda dos mensajes en su faceta de jardinero:<\/p>\n\n\n\n<p>El primero, el social, el c\u00edvico: El alcalde Hip\u00f3lito simplemente no hace su tarea\u2026 y no es la de podar, pero s\u00ed de buscar alternativas para atender un problema y el empleo temporal es uno de ellos.<\/p>\n\n\n\n<p>El segundo, el pol\u00edtico: Omar Miranda no quiere saber nada de las flatulencias con los 8 diputados que le jugaron chueco\u2026 \u00e9l est\u00e1 feliz haciendo campa\u00f1a verde, porque sabe que \u201cel que quiera azul celeste\u2026\u201d<\/p>\n\n\n\n<p>Al final, no vaya a terminar Omar como \u201cJardinero de la calle, maleza de casa\u201d.<br><\/p>\n\n\n\n<p><a href=\"mailto:smcainito@gmail.com\" target=\"_blank\" rel=\"noreferrer noopener\">smcainito@gmail.com<\/a><\/p>\n","protected":false},"excerpt":{"rendered":"<p>Los Pol\u00edticos Salvador Mu\u00f1oz Por mera desubicaci\u00f3n, tom\u00e9 la avenida Justino Sarmiento cuando ten\u00eda que dirigirme a la avenida P\u00edpila\u2026 as\u00ed que tuve que buscar alguna calle que me reincorporara a mi destino primario y entr\u00e9 en la Antonio P\u00e9rez Rivera\u2026 todo iba bien cuando faltando unos metros para llegar a la avenida P\u00edpila, vi [&hellip;]<\/p>\n","protected":false},"author":1,"featured_media":387,"comment_status":"open","ping_status":"open","sticky":false,"template":"","format":"standard","meta":{"_jetpack_memberships_contains_paid_content":false,"footnotes":""},"categories":[11],"tags":[],"class_list":["post-4712","post","type-post","status-publish","format-standard","has-post-thumbnail","hentry","category-opinion"],"jetpack_featured_media_url":"https:\/\/encuentroinformativo.com.mx\/wp-content\/uploads\/2020\/03\/7CF8A22B-2764-47BE-8F7F-38FE9E5D6A2F.jpeg","jetpack_sharing_enabled":true,"jetpack_likes_enabled":true,"amp_enabled":true,"_links":{"self":[{"href":"https:\/\/encuentroinformativo.com.mx\/index.php?rest_route=\/wp\/v2\/posts\/4712","targetHints":{"allow":["GET"]}}],"collection":[{"href":"https:\/\/encuentroinformativo.com.mx\/index.php?rest_route=\/wp\/v2\/posts"}],"about":[{"href":"https:\/\/encuentroinformativo.com.mx\/index.php?rest_route=\/wp\/v2\/types\/post"}],"author":[{"embeddable":true,"href":"https:\/\/encuentroinformativo.com.mx\/index.php?rest_route=\/wp\/v2\/users\/1"}],"replies":[{"embeddable":true,"href":"https:\/\/encuentroinformativo.com.mx\/index.php?rest_route=%2Fwp%2Fv2%2Fcomments&post=4712"}],"version-history":[{"count":1,"href":"https:\/\/encuentroinformativo.com.mx\/index.php?rest_route=\/wp\/v2\/posts\/4712\/revisions"}],"predecessor-version":[{"id":4713,"href":"https:\/\/encuentroinformativo.com.mx\/index.php?rest_route=\/wp\/v2\/posts\/4712\/revisions\/4713"}],"wp:featuredmedia":[{"embeddable":true,"href":"https:\/\/encuentroinformativo.com.mx\/index.php?rest_route=\/wp\/v2\/media\/387"}],"wp:attachment":[{"href":"https:\/\/encuentroinformativo.com.mx\/index.php?rest_route=%2Fwp%2Fv2%2Fmedia&parent=4712"}],"wp:term":[{"taxonomy":"category","embeddable":true,"href":"https:\/\/encuentroinformativo.com.mx\/index.php?rest_route=%2Fwp%2Fv2%2Fcategories&post=4712"},{"taxonomy":"post_tag","embeddable":true,"href":"https:\/\/encuentroinformativo.com.mx\/index.php?rest_route=%2Fwp%2Fv2%2Ftags&post=4712"}],"curies":[{"name":"wp","href":"https:\/\/api.w.org\/{rel}","templated":true}]}}