{"id":47127,"date":"2023-11-02T20:53:15","date_gmt":"2023-11-03T02:53:15","guid":{"rendered":"https:\/\/encuentroinformativo.com.mx\/?p=47127"},"modified":"2023-11-02T20:53:16","modified_gmt":"2023-11-03T02:53:16","slug":"registra-veracruz-cero-homicidios-las-ultimas-48-horas-festividades-por-dia-de-muertos-transcurren-en-paz","status":"publish","type":"post","link":"https:\/\/encuentroinformativo.com.mx\/?p=47127","title":{"rendered":"Registra Veracruz cero homicidios las \u00faltimas 48 horas; festividades por D\u00eda de Muertos transcurren en paz"},"content":{"rendered":"\n<p>C\u00f3rdoba, Ver.- En las \u00faltimas 48 horas no se registr\u00f3 ning\u00fan homicidio en la entidad, destac\u00f3 el gobernador Cuitl\u00e1huac Garc\u00eda Jim\u00e9nez, quien esta ma\u00f1ana encabez\u00f3 la reuni\u00f3n de Coordinaci\u00f3n para la Construcci\u00f3n de la Paz en este municipio.<\/p>\n\n\n\n<p>El mandatario fue entrevistado durante su visita al pante\u00f3n, donde acudi\u00f3 a visitar las tumbas de sus abuelos, bisabuela y t\u00edos con motivo de los festejos del D\u00eda de Muertos. \u201cEstos son d\u00edas de fiesta, de alegr\u00eda porque nuestros seres queridos est\u00e1n de nuevo con nosotros. Qu\u00e9 gusto ver que las costumbres se renuevan y que la gente acude a estar con sus fieles difuntos, y que ni\u00f1os y j\u00f3venes retomen la tradici\u00f3n de los altares y las catrinas\u201d, expres\u00f3.<\/p>\n\n\n\n<p>En este sentido, destac\u00f3 la importancia de que cada municipio integre estas costumbres a sus distintos eventos art\u00edsticos; en especial C\u00f3rdoba ahora como Pueblo M\u00e1gico, \u201cpara retomar el vuelo y convertirse en un punto de visita obligado como lo es ya Orizaba\u201d.<\/p>\n\n\n\n<p>Advirti\u00f3 que el Ayuntamiento est\u00e1 haciendo lo que le corresponde, ejemplo de ello es la rehabilitaci\u00f3n a la fachada del Museo del Caf\u00e9; \u201cy, por nuestra parte, rescatamos la ex Hacienda de Toxpan y la promocionamos con actos como la pasada visita del presidente Andr\u00e9s Manuel L\u00f3pez Obrador y su hom\u00f3logo de Argentina, quienes durante su presencia enaltecieron la historia de C\u00f3rdoba\u201d.<\/p>\n","protected":false},"excerpt":{"rendered":"<p>C\u00f3rdoba, Ver.- En las \u00faltimas 48 horas no se registr\u00f3 ning\u00fan homicidio en la entidad, destac\u00f3 el gobernador Cuitl\u00e1huac Garc\u00eda Jim\u00e9nez, quien esta ma\u00f1ana encabez\u00f3 la reuni\u00f3n de Coordinaci\u00f3n para la Construcci\u00f3n de la Paz en este municipio. El mandatario fue entrevistado durante su visita al pante\u00f3n, donde acudi\u00f3 a visitar las tumbas de sus [&hellip;]<\/p>\n","protected":false},"author":2476,"featured_media":47128,"comment_status":"open","ping_status":"open","sticky":false,"template":"","format":"standard","meta":{"_jetpack_memberships_contains_paid_content":false,"footnotes":""},"categories":[14],"tags":[],"class_list":["post-47127","post","type-post","status-publish","format-standard","has-post-thumbnail","hentry","category-policiaca"],"jetpack_featured_media_url":"https:\/\/encuentroinformativo.com.mx\/wp-content\/uploads\/2023\/11\/IMG-20231102-WA0027-scaled.jpg","jetpack_sharing_enabled":true,"jetpack_likes_enabled":true,"amp_enabled":true,"_links":{"self":[{"href":"https:\/\/encuentroinformativo.com.mx\/index.php?rest_route=\/wp\/v2\/posts\/47127","targetHints":{"allow":["GET"]}}],"collection":[{"href":"https:\/\/encuentroinformativo.com.mx\/index.php?rest_route=\/wp\/v2\/posts"}],"about":[{"href":"https:\/\/encuentroinformativo.com.mx\/index.php?rest_route=\/wp\/v2\/types\/post"}],"author":[{"embeddable":true,"href":"https:\/\/encuentroinformativo.com.mx\/index.php?rest_route=\/wp\/v2\/users\/2476"}],"replies":[{"embeddable":true,"href":"https:\/\/encuentroinformativo.com.mx\/index.php?rest_route=%2Fwp%2Fv2%2Fcomments&post=47127"}],"version-history":[{"count":1,"href":"https:\/\/encuentroinformativo.com.mx\/index.php?rest_route=\/wp\/v2\/posts\/47127\/revisions"}],"predecessor-version":[{"id":47129,"href":"https:\/\/encuentroinformativo.com.mx\/index.php?rest_route=\/wp\/v2\/posts\/47127\/revisions\/47129"}],"wp:featuredmedia":[{"embeddable":true,"href":"https:\/\/encuentroinformativo.com.mx\/index.php?rest_route=\/wp\/v2\/media\/47128"}],"wp:attachment":[{"href":"https:\/\/encuentroinformativo.com.mx\/index.php?rest_route=%2Fwp%2Fv2%2Fmedia&parent=47127"}],"wp:term":[{"taxonomy":"category","embeddable":true,"href":"https:\/\/encuentroinformativo.com.mx\/index.php?rest_route=%2Fwp%2Fv2%2Fcategories&post=47127"},{"taxonomy":"post_tag","embeddable":true,"href":"https:\/\/encuentroinformativo.com.mx\/index.php?rest_route=%2Fwp%2Fv2%2Ftags&post=47127"}],"curies":[{"name":"wp","href":"https:\/\/api.w.org\/{rel}","templated":true}]}}