{"id":4714,"date":"2020-08-07T10:13:20","date_gmt":"2020-08-07T15:13:20","guid":{"rendered":"https:\/\/encuentroinformativo.com\/?p=4714"},"modified":"2020-08-07T10:13:22","modified_gmt":"2020-08-07T15:13:22","slug":"cuotas-de-inscripcion-se-analizaran-con-semaforo-verde-sev","status":"publish","type":"post","link":"https:\/\/encuentroinformativo.com.mx\/?p=4714","title":{"rendered":"Cuotas de inscripci\u00f3n se analizar\u00e1n con sem\u00e1foro verde: SEV"},"content":{"rendered":"\n<p>Xalapa, Ver.- La Secretar\u00eda de Educaci\u00f3n de Veracruz (SEV) llam\u00f3 a directoras y directores de los planteles a coordinarse con la Asociaci\u00f3n de Padres de Familia, a fin de que sus asambleas y mantenimiento de escuelas sean efectuadas a partir del regreso presencial, una vez que la autoridad de Salud determine sem\u00e1foro verde para la entidad.\u00a0<\/p>\n\n\n\n<p>Al respecto, el titular de la dependencia estatal, Zenyazen Escobar Garc\u00eda, se\u00f1al\u00f3 que, hasta entonces, podr\u00e1n fijarse y aplicar sus reglamentos en torno a las aportaciones voluntarias que establecen en com\u00fan acuerdo; reiterando que el Gobierno de Veracruz garantiza el acceso a la educaci\u00f3n gratuita a todas y todos quienes lo requieran.<\/p>\n\n\n\n<p>Asimismo, apunt\u00f3 que, en el nivel de Educaci\u00f3n B\u00e1sica, desde este 06 de agosto iniciaron los procesos de inscripci\u00f3n y reinscripci\u00f3n, mecanismos que propiamente las autoridades de cada escuela estar\u00e1n informando. En este sentido, se est\u00e1 en constante comunicaci\u00f3n con supervisores y jefes de sector con el objetivo de escuchar opiniones y necesidades.&nbsp;<\/p>\n\n\n\n<p>Adem\u00e1s, dijo que estar\u00e1n acompa\u00f1ando a madres y padres de familia con la habilitaci\u00f3n del n\u00famero telef\u00f3nico 800 501 2525 en horario de 9:00 a 18:00 horas, orient\u00e1ndolos sobre la ubicaci\u00f3n de escuelas cercanas en sus viviendas con disponibilidad de matr\u00edcula. Finalmente, puntualiz\u00f3 que la lista de \u00fatiles escolares estar\u00e1 integrada con recursos y materiales que las familias tengan en casa.<\/p>\n","protected":false},"excerpt":{"rendered":"<p>Xalapa, Ver.- La Secretar\u00eda de Educaci\u00f3n de Veracruz (SEV) llam\u00f3 a directoras y directores de los planteles a coordinarse con la Asociaci\u00f3n de Padres de Familia, a fin de que sus asambleas y mantenimiento de escuelas sean efectuadas a partir del regreso presencial, una vez que la autoridad de Salud determine sem\u00e1foro verde para la [&hellip;]<\/p>\n","protected":false},"author":1,"featured_media":297,"comment_status":"open","ping_status":"open","sticky":false,"template":"","format":"standard","meta":{"_jetpack_memberships_contains_paid_content":false,"footnotes":""},"categories":[2],"tags":[],"class_list":["post-4714","post","type-post","status-publish","format-standard","has-post-thumbnail","hentry","category-estado"],"jetpack_featured_media_url":"https:\/\/encuentroinformativo.com.mx\/wp-content\/uploads\/2020\/03\/ezy-watermark_03-03-2020_02-20-47p.m..jpg","jetpack_sharing_enabled":true,"jetpack_likes_enabled":true,"amp_enabled":true,"_links":{"self":[{"href":"https:\/\/encuentroinformativo.com.mx\/index.php?rest_route=\/wp\/v2\/posts\/4714","targetHints":{"allow":["GET"]}}],"collection":[{"href":"https:\/\/encuentroinformativo.com.mx\/index.php?rest_route=\/wp\/v2\/posts"}],"about":[{"href":"https:\/\/encuentroinformativo.com.mx\/index.php?rest_route=\/wp\/v2\/types\/post"}],"author":[{"embeddable":true,"href":"https:\/\/encuentroinformativo.com.mx\/index.php?rest_route=\/wp\/v2\/users\/1"}],"replies":[{"embeddable":true,"href":"https:\/\/encuentroinformativo.com.mx\/index.php?rest_route=%2Fwp%2Fv2%2Fcomments&post=4714"}],"version-history":[{"count":1,"href":"https:\/\/encuentroinformativo.com.mx\/index.php?rest_route=\/wp\/v2\/posts\/4714\/revisions"}],"predecessor-version":[{"id":4715,"href":"https:\/\/encuentroinformativo.com.mx\/index.php?rest_route=\/wp\/v2\/posts\/4714\/revisions\/4715"}],"wp:featuredmedia":[{"embeddable":true,"href":"https:\/\/encuentroinformativo.com.mx\/index.php?rest_route=\/wp\/v2\/media\/297"}],"wp:attachment":[{"href":"https:\/\/encuentroinformativo.com.mx\/index.php?rest_route=%2Fwp%2Fv2%2Fmedia&parent=4714"}],"wp:term":[{"taxonomy":"category","embeddable":true,"href":"https:\/\/encuentroinformativo.com.mx\/index.php?rest_route=%2Fwp%2Fv2%2Fcategories&post=4714"},{"taxonomy":"post_tag","embeddable":true,"href":"https:\/\/encuentroinformativo.com.mx\/index.php?rest_route=%2Fwp%2Fv2%2Ftags&post=4714"}],"curies":[{"name":"wp","href":"https:\/\/api.w.org\/{rel}","templated":true}]}}