{"id":47145,"date":"2023-11-03T17:20:43","date_gmt":"2023-11-03T23:20:43","guid":{"rendered":"https:\/\/encuentroinformativo.com.mx\/?p=47145"},"modified":"2023-11-03T17:20:44","modified_gmt":"2023-11-03T23:20:44","slug":"invitan-a-feria-del-pan-tamal-y-chocolate","status":"publish","type":"post","link":"https:\/\/encuentroinformativo.com.mx\/?p=47145","title":{"rendered":"Invitan a Feria del pan, tamal y chocolate"},"content":{"rendered":"\n<p><strong>Dar\u00edo Pale <\/strong><\/p>\n\n\n\n<p>Xalapa, Ver.- El regidor Diego Florescano, titular de la comisi\u00f3n edilicia de Desarrollo Econ\u00f3mico del ayuntamiento de esta capital, dio a conocer que durante este fin de semana en el parque Ju\u00e1rez de Xalapa se realizar\u00e1 la Feria del pan, tamal y chocolate 2023, en la que m\u00e1s de 100 expositores ofrecer\u00e1n una gran variedad de tamales caracter\u00edsticos de varias zonas del estado. \u00a0<\/p>\n\n\n\n<p>En entrevista dio a conocer que por medio de este evento atraer\u00e1 a visitantes de distintos puntos de la entidad, incluso de otros estados y beneficiar\u00e1 a varios sectores de la econom\u00eda local.<\/p>\n\n\n\n<p>Esta feria iniciar\u00e1 el viernes tres de noviembre a las cinco de la tarde y concluir\u00e1 el domingo a las seis de la tarde con actividades culturales.\u00a0<\/p>\n\n\n\n<p>\u201cVienen los chanchamitos del sur de Veracruz, viene el zacahuil de la huasteca, los tamales conocidos como chancla, de dedo, una variedad impresionante. De Alvarado vienen los de elote, las cabecitas de perro que les dicen&#8221;, se\u00f1al\u00f3.<\/p>\n\n\n\n<p>Por \u00faltimo dijo que, &#8220;hay una variedad de todo el estado, ese es el \u00e9xito que hemos tenido, antes nada m\u00e1s habl\u00e1bamos de la regi\u00f3n de Xalapa y sus alrededores, pero hemos llamado tanto la atenci\u00f3n a nivel nacional que vienen expositores de todo el estado, inclusive hemos tenido de fuera del estado\u201d. \u00a0<\/p>\n","protected":false},"excerpt":{"rendered":"<p>Dar\u00edo Pale Xalapa, Ver.- El regidor Diego Florescano, titular de la comisi\u00f3n edilicia de Desarrollo Econ\u00f3mico del ayuntamiento de esta capital, dio a conocer que durante este fin de semana en el parque Ju\u00e1rez de Xalapa se realizar\u00e1 la Feria del pan, tamal y chocolate 2023, en la que m\u00e1s de 100 expositores ofrecer\u00e1n una [&hellip;]<\/p>\n","protected":false},"author":2476,"featured_media":47146,"comment_status":"open","ping_status":"open","sticky":false,"template":"","format":"standard","meta":{"_jetpack_memberships_contains_paid_content":false,"footnotes":""},"categories":[3],"tags":[],"class_list":["post-47145","post","type-post","status-publish","format-standard","has-post-thumbnail","hentry","category-xalapa"],"jetpack_featured_media_url":"https:\/\/encuentroinformativo.com.mx\/wp-content\/uploads\/2023\/11\/IMG-20231103-WA0072.jpg","jetpack_sharing_enabled":true,"jetpack_likes_enabled":true,"amp_enabled":true,"_links":{"self":[{"href":"https:\/\/encuentroinformativo.com.mx\/index.php?rest_route=\/wp\/v2\/posts\/47145","targetHints":{"allow":["GET"]}}],"collection":[{"href":"https:\/\/encuentroinformativo.com.mx\/index.php?rest_route=\/wp\/v2\/posts"}],"about":[{"href":"https:\/\/encuentroinformativo.com.mx\/index.php?rest_route=\/wp\/v2\/types\/post"}],"author":[{"embeddable":true,"href":"https:\/\/encuentroinformativo.com.mx\/index.php?rest_route=\/wp\/v2\/users\/2476"}],"replies":[{"embeddable":true,"href":"https:\/\/encuentroinformativo.com.mx\/index.php?rest_route=%2Fwp%2Fv2%2Fcomments&post=47145"}],"version-history":[{"count":1,"href":"https:\/\/encuentroinformativo.com.mx\/index.php?rest_route=\/wp\/v2\/posts\/47145\/revisions"}],"predecessor-version":[{"id":47147,"href":"https:\/\/encuentroinformativo.com.mx\/index.php?rest_route=\/wp\/v2\/posts\/47145\/revisions\/47147"}],"wp:featuredmedia":[{"embeddable":true,"href":"https:\/\/encuentroinformativo.com.mx\/index.php?rest_route=\/wp\/v2\/media\/47146"}],"wp:attachment":[{"href":"https:\/\/encuentroinformativo.com.mx\/index.php?rest_route=%2Fwp%2Fv2%2Fmedia&parent=47145"}],"wp:term":[{"taxonomy":"category","embeddable":true,"href":"https:\/\/encuentroinformativo.com.mx\/index.php?rest_route=%2Fwp%2Fv2%2Fcategories&post=47145"},{"taxonomy":"post_tag","embeddable":true,"href":"https:\/\/encuentroinformativo.com.mx\/index.php?rest_route=%2Fwp%2Fv2%2Ftags&post=47145"}],"curies":[{"name":"wp","href":"https:\/\/api.w.org\/{rel}","templated":true}]}}