{"id":47158,"date":"2023-11-03T18:53:34","date_gmt":"2023-11-04T00:53:34","guid":{"rendered":"https:\/\/encuentroinformativo.com.mx\/?p=47158"},"modified":"2023-11-03T18:53:35","modified_gmt":"2023-11-04T00:53:35","slug":"saldo-blanco-por-dias-de-muertos-en-xalapa-pc","status":"publish","type":"post","link":"https:\/\/encuentroinformativo.com.mx\/?p=47158","title":{"rendered":"Saldo blanco por D\u00edas de Muertos en Xalapa: PC"},"content":{"rendered":"\n<p><strong>Dar\u00edo Pale <\/strong><\/p>\n\n\n\n<p>Xalapa, Ver.- Reportan saldo blanco en la capital veracruzana durante la celebraci\u00f3n de D\u00eda de Muertos y Todos Santos, as\u00ed lo inform\u00f3 el director de Protecci\u00f3n Civil Municipal en Xalapa, Luis Sardi\u00f1a Salgado.<\/p>\n\n\n\n<p>En entrevista se\u00f1al\u00f3 que las actividades culturales que se realizaron desde el 23 de octubre hasta este jueves 2 de noviembre con motivo de esta celebraci\u00f3n, transcurrieron sin incidentes, igual que la actividad comercial dentro y fuera de los mercados de la ciudad, as\u00ed como la visita a los panteones de esta ciudad y sus congregaciones.<\/p>\n\n\n\n<p>&#8220;Hemos estado muy pendientes en panteones municipales, panteones privados, tambi\u00e9n en Chiltoyac que hay otro pante\u00f3n, en la 6 de Enero que hay otro pante\u00f3n peque\u00f1o y Tronconal y El Castillo otro pante\u00f3n.\u00a0 Hemos estado muy pendientes y coordin\u00e1ndonos con los agentes municipales para cualquier situaci\u00f3n y hasta ahorita no tenemos ning\u00fan problema mayor. Sin novedad&#8221;, se\u00f1al\u00f3.<\/p>\n\n\n\n<p>Por \u00faltimo dio a conocer que a pesar de que se atendi\u00f3 un conato de incendio por una veladora encendida en un altar, subray\u00f3 que el saldo es blanco<\/p>\n","protected":false},"excerpt":{"rendered":"<p>Dar\u00edo Pale Xalapa, Ver.- Reportan saldo blanco en la capital veracruzana durante la celebraci\u00f3n de D\u00eda de Muertos y Todos Santos, as\u00ed lo inform\u00f3 el director de Protecci\u00f3n Civil Municipal en Xalapa, Luis Sardi\u00f1a Salgado. En entrevista se\u00f1al\u00f3 que las actividades culturales que se realizaron desde el 23 de octubre hasta este jueves 2 de [&hellip;]<\/p>\n","protected":false},"author":2476,"featured_media":47159,"comment_status":"open","ping_status":"open","sticky":false,"template":"","format":"standard","meta":{"_jetpack_memberships_contains_paid_content":false,"footnotes":""},"categories":[3],"tags":[],"class_list":["post-47158","post","type-post","status-publish","format-standard","has-post-thumbnail","hentry","category-xalapa"],"jetpack_featured_media_url":"https:\/\/encuentroinformativo.com.mx\/wp-content\/uploads\/2023\/11\/IMG-20231103-WA0059.jpg","jetpack_sharing_enabled":true,"jetpack_likes_enabled":true,"amp_enabled":true,"_links":{"self":[{"href":"https:\/\/encuentroinformativo.com.mx\/index.php?rest_route=\/wp\/v2\/posts\/47158","targetHints":{"allow":["GET"]}}],"collection":[{"href":"https:\/\/encuentroinformativo.com.mx\/index.php?rest_route=\/wp\/v2\/posts"}],"about":[{"href":"https:\/\/encuentroinformativo.com.mx\/index.php?rest_route=\/wp\/v2\/types\/post"}],"author":[{"embeddable":true,"href":"https:\/\/encuentroinformativo.com.mx\/index.php?rest_route=\/wp\/v2\/users\/2476"}],"replies":[{"embeddable":true,"href":"https:\/\/encuentroinformativo.com.mx\/index.php?rest_route=%2Fwp%2Fv2%2Fcomments&post=47158"}],"version-history":[{"count":1,"href":"https:\/\/encuentroinformativo.com.mx\/index.php?rest_route=\/wp\/v2\/posts\/47158\/revisions"}],"predecessor-version":[{"id":47160,"href":"https:\/\/encuentroinformativo.com.mx\/index.php?rest_route=\/wp\/v2\/posts\/47158\/revisions\/47160"}],"wp:featuredmedia":[{"embeddable":true,"href":"https:\/\/encuentroinformativo.com.mx\/index.php?rest_route=\/wp\/v2\/media\/47159"}],"wp:attachment":[{"href":"https:\/\/encuentroinformativo.com.mx\/index.php?rest_route=%2Fwp%2Fv2%2Fmedia&parent=47158"}],"wp:term":[{"taxonomy":"category","embeddable":true,"href":"https:\/\/encuentroinformativo.com.mx\/index.php?rest_route=%2Fwp%2Fv2%2Fcategories&post=47158"},{"taxonomy":"post_tag","embeddable":true,"href":"https:\/\/encuentroinformativo.com.mx\/index.php?rest_route=%2Fwp%2Fv2%2Ftags&post=47158"}],"curies":[{"name":"wp","href":"https:\/\/api.w.org\/{rel}","templated":true}]}}