{"id":47164,"date":"2023-11-04T13:19:46","date_gmt":"2023-11-04T19:19:46","guid":{"rendered":"https:\/\/encuentroinformativo.com.mx\/?p=47164"},"modified":"2023-11-04T13:19:47","modified_gmt":"2023-11-04T19:19:47","slug":"analiza-fuerza-por-mexico-sumarse-en-alianza-rumbo-al-2024","status":"publish","type":"post","link":"https:\/\/encuentroinformativo.com.mx\/?p=47164","title":{"rendered":"Analiza Fuerza por M\u00e9xico sumarse en alianza rumbo al 2024"},"content":{"rendered":"\n<p><strong>Dar\u00edo Pale <\/strong><\/p>\n\n\n\n<p>Xalapa, Ver.- Fuerza por M\u00e9xico aseguro que est\u00e1n en negociaci\u00f3n con diversos partidos pol\u00edticos, incluidos Morena y Movimiento Ciudadano, en an\u00e1lisis de una alianza en 2024, as\u00ed lo dio a conocer el dirigente estatal de dicho partido Eduardo &#8220;Tato&#8221; Vega Yunes.<\/p>\n\n\n\n<p>En entrevista al cuestionarle la posibilidad de una alianza con MORENA, sobre todo porque Juan Enrique Santos Mendoza, diputado local de Fuerza por M\u00e9xico parece otro legislador m\u00e1s de la bancada morenistas, dijo que su representante popular act\u00faa en el Congreso local de forma independiente a las causas de Fuerza por M\u00e9xico.\u00a0<\/p>\n\n\n\n<p>No obstante, reconoci\u00f3 que existe la posibilidad de que Fuerza por M\u00e9xico vaya en alianza con MORENA y los partidos Verde Ecologista de M\u00e9xico y del Trabajo, \u201cs\u00ed, claro, est\u00e1 totalmente la posibilidad, hemos tenido algunas pl\u00e1ticas, pero faltan muchas por delante, existe la posibilidad, estamos abiertos a ello\u201d.<\/p>\n\n\n\n<p>Agreg\u00f3 que una vez que MORENA defina a su coordinadora o coordinador por la defensa de la transformaci\u00f3n, Fuerza por M\u00e9xico sostendr\u00e1 reuniones con ellos para saber si hay las coincidencias ideol\u00f3gicas y si hay un proyecto pol\u00edtica conveniente para las y los veracruzanos.<\/p>\n\n\n\n<p>Por lo que en caso de no consolidarse una coalici\u00f3n con miras a la renovaci\u00f3n de la gubernatura en 2024, ellos cuentan con la estructura de los extintos partidos Todor por Veracruz, Encuentro Solidario y Redes Sociales Progresistas, que les permitir\u00edan competir solos.<\/p>\n\n\n\n<p>El l\u00edder partidista asegur\u00f3 que Fuerza Por M\u00e9xico, que cuenta con 21 mil militantes, en algunos municipios solo tiene una persona afiliada, est\u00e1 en posibilidad de ir solos en el 2024.<\/p>\n\n\n\n<p>Coment\u00f3 que han integrado 140 Comit\u00e9s Directivos Municipales, 30 Comit\u00e9s Distritales y han conformado un bloque pol\u00edtico con la estructura estatal de los extintos partidos nacionales Encuentro Solidario y Redes Sociales Progresistas y del local, Todos por Veracruz.<\/p>\n\n\n\n<p>Finalmente se\u00f1al\u00f3, \u201cestamos listos para ir solo o en una alianza si en su momento hay coincidencia ideol\u00f3gica, aunque la Asamblea Estatal ser\u00e1 el \u00f3rgano que decidir\u00e1 c\u00f3mo vamos al proceso electoral\u201d.\u00a0<\/p>\n","protected":false},"excerpt":{"rendered":"<p>Dar\u00edo Pale Xalapa, Ver.- Fuerza por M\u00e9xico aseguro que est\u00e1n en negociaci\u00f3n con diversos partidos pol\u00edticos, incluidos Morena y Movimiento Ciudadano, en an\u00e1lisis de una alianza en 2024, as\u00ed lo dio a conocer el dirigente estatal de dicho partido Eduardo &#8220;Tato&#8221; Vega Yunes. En entrevista al cuestionarle la posibilidad de una alianza con MORENA, sobre [&hellip;]<\/p>\n","protected":false},"author":2476,"featured_media":47096,"comment_status":"open","ping_status":"open","sticky":false,"template":"","format":"standard","meta":{"_jetpack_memberships_contains_paid_content":false,"footnotes":""},"categories":[2],"tags":[],"class_list":["post-47164","post","type-post","status-publish","format-standard","has-post-thumbnail","hentry","category-estado"],"jetpack_featured_media_url":"https:\/\/encuentroinformativo.com.mx\/wp-content\/uploads\/2023\/11\/IMG-20231101-WA00692.jpg","jetpack_sharing_enabled":true,"jetpack_likes_enabled":true,"amp_enabled":true,"_links":{"self":[{"href":"https:\/\/encuentroinformativo.com.mx\/index.php?rest_route=\/wp\/v2\/posts\/47164","targetHints":{"allow":["GET"]}}],"collection":[{"href":"https:\/\/encuentroinformativo.com.mx\/index.php?rest_route=\/wp\/v2\/posts"}],"about":[{"href":"https:\/\/encuentroinformativo.com.mx\/index.php?rest_route=\/wp\/v2\/types\/post"}],"author":[{"embeddable":true,"href":"https:\/\/encuentroinformativo.com.mx\/index.php?rest_route=\/wp\/v2\/users\/2476"}],"replies":[{"embeddable":true,"href":"https:\/\/encuentroinformativo.com.mx\/index.php?rest_route=%2Fwp%2Fv2%2Fcomments&post=47164"}],"version-history":[{"count":1,"href":"https:\/\/encuentroinformativo.com.mx\/index.php?rest_route=\/wp\/v2\/posts\/47164\/revisions"}],"predecessor-version":[{"id":47165,"href":"https:\/\/encuentroinformativo.com.mx\/index.php?rest_route=\/wp\/v2\/posts\/47164\/revisions\/47165"}],"wp:featuredmedia":[{"embeddable":true,"href":"https:\/\/encuentroinformativo.com.mx\/index.php?rest_route=\/wp\/v2\/media\/47096"}],"wp:attachment":[{"href":"https:\/\/encuentroinformativo.com.mx\/index.php?rest_route=%2Fwp%2Fv2%2Fmedia&parent=47164"}],"wp:term":[{"taxonomy":"category","embeddable":true,"href":"https:\/\/encuentroinformativo.com.mx\/index.php?rest_route=%2Fwp%2Fv2%2Fcategories&post=47164"},{"taxonomy":"post_tag","embeddable":true,"href":"https:\/\/encuentroinformativo.com.mx\/index.php?rest_route=%2Fwp%2Fv2%2Ftags&post=47164"}],"curies":[{"name":"wp","href":"https:\/\/api.w.org\/{rel}","templated":true}]}}