{"id":47179,"date":"2023-11-05T15:52:44","date_gmt":"2023-11-05T21:52:44","guid":{"rendered":"https:\/\/encuentroinformativo.com.mx\/?p=47179"},"modified":"2023-11-05T15:52:45","modified_gmt":"2023-11-05T21:52:45","slug":"estancada-tercera-alerta-por-violencia-de-genero-acusan-feministas","status":"publish","type":"post","link":"https:\/\/encuentroinformativo.com.mx\/?p=47179","title":{"rendered":"Estancada tercera alerta por violencia de g\u00e9nero, acusan feministas"},"content":{"rendered":"\n<p><strong>Juan Arcos <\/strong><\/p>\n\n\n\n<p>Xalapa, Ver.- Feministas denunciaron que la tercer alerta de violencia de g\u00e9nero, en este caso por desapariciones forzadas de mujeres, se qued\u00f3 estancada en el estado de Veracruz.<\/p>\n\n\n\n<p>Myriam Lagunes Mar\u00edn, integrante del Sistema Estatal para Prevenir, Atender, Sancionar y Erradicar la Violencia contra las Mujeres, se\u00f1al\u00f3 que la Comisi\u00f3n Nacional para Prevenir y Erradicar la Violencia contra las Mujeres (Conavim) ha retrasado el procedimiento por cuestiones medi\u00e1ticas.<\/p>\n\n\n\n<p>\u201cLas propias integrantes de este grupo encargado d e hacer un diagn\u00f3stico y de evaluar la tercera alerta de violencia de g\u00e9nero contra las mujeres en el estado han avisado a la propia Conavim de estar dilatando el proceso, de no querer decretar la tercera alerta \u00fanicamente por un tema medi\u00e1tico\u201d, expres\u00f3.<\/p>\n\n\n\n<p>La entrevistada lament\u00f3 que de enero a finales de septiembre se hayan contabilizado m\u00e1s de 600 desapariciones de mujeres en Veracruz.<\/p>\n\n\n\n<p>Record\u00f3 que las cifras fueron otorgadas por el Observatorio Universitario de Violencias Contras las Mujeres y que los casos ya son m\u00e1s en comparaci\u00f3n con a\u00f1os anteriores, a pesar de que a\u00fan faltan dos meses para que culmine el 2023.<\/p>\n\n\n\n<p>\u201cDesde este espacio nos sumamos a las exigencias ciudadanas y de las instituciones y asociaciones civiles para que se atienda este problema de la violencia contra las mujeres, para que se activen los mecanismos necesarios y sobre todo para que se le d\u00e9 la importancia que requiere\u201d, refiri\u00f3.<\/p>\n\n\n\n<p>Record\u00f3 que en Veracruz ya hay dos alertas por violencia de g\u00e9nero: una por violencia feminicida y otra por agravio comparado, pero se requiere la tercera debido a la gran cantidad de desapariciones de mujeres, adolescentes y ni\u00f1as.<\/p>\n","protected":false},"excerpt":{"rendered":"<p>Juan Arcos Xalapa, Ver.- Feministas denunciaron que la tercer alerta de violencia de g\u00e9nero, en este caso por desapariciones forzadas de mujeres, se qued\u00f3 estancada en el estado de Veracruz. Myriam Lagunes Mar\u00edn, integrante del Sistema Estatal para Prevenir, Atender, Sancionar y Erradicar la Violencia contra las Mujeres, se\u00f1al\u00f3 que la Comisi\u00f3n Nacional para Prevenir [&hellip;]<\/p>\n","protected":false},"author":2476,"featured_media":47180,"comment_status":"open","ping_status":"open","sticky":false,"template":"","format":"standard","meta":{"_jetpack_memberships_contains_paid_content":false,"footnotes":""},"categories":[2],"tags":[],"class_list":["post-47179","post","type-post","status-publish","format-standard","has-post-thumbnail","hentry","category-estado"],"jetpack_featured_media_url":"https:\/\/encuentroinformativo.com.mx\/wp-content\/uploads\/2023\/11\/IMG_4642.jpg","jetpack_sharing_enabled":true,"jetpack_likes_enabled":true,"amp_enabled":true,"_links":{"self":[{"href":"https:\/\/encuentroinformativo.com.mx\/index.php?rest_route=\/wp\/v2\/posts\/47179","targetHints":{"allow":["GET"]}}],"collection":[{"href":"https:\/\/encuentroinformativo.com.mx\/index.php?rest_route=\/wp\/v2\/posts"}],"about":[{"href":"https:\/\/encuentroinformativo.com.mx\/index.php?rest_route=\/wp\/v2\/types\/post"}],"author":[{"embeddable":true,"href":"https:\/\/encuentroinformativo.com.mx\/index.php?rest_route=\/wp\/v2\/users\/2476"}],"replies":[{"embeddable":true,"href":"https:\/\/encuentroinformativo.com.mx\/index.php?rest_route=%2Fwp%2Fv2%2Fcomments&post=47179"}],"version-history":[{"count":1,"href":"https:\/\/encuentroinformativo.com.mx\/index.php?rest_route=\/wp\/v2\/posts\/47179\/revisions"}],"predecessor-version":[{"id":47181,"href":"https:\/\/encuentroinformativo.com.mx\/index.php?rest_route=\/wp\/v2\/posts\/47179\/revisions\/47181"}],"wp:featuredmedia":[{"embeddable":true,"href":"https:\/\/encuentroinformativo.com.mx\/index.php?rest_route=\/wp\/v2\/media\/47180"}],"wp:attachment":[{"href":"https:\/\/encuentroinformativo.com.mx\/index.php?rest_route=%2Fwp%2Fv2%2Fmedia&parent=47179"}],"wp:term":[{"taxonomy":"category","embeddable":true,"href":"https:\/\/encuentroinformativo.com.mx\/index.php?rest_route=%2Fwp%2Fv2%2Fcategories&post=47179"},{"taxonomy":"post_tag","embeddable":true,"href":"https:\/\/encuentroinformativo.com.mx\/index.php?rest_route=%2Fwp%2Fv2%2Ftags&post=47179"}],"curies":[{"name":"wp","href":"https:\/\/api.w.org\/{rel}","templated":true}]}}