{"id":47182,"date":"2023-11-05T15:58:06","date_gmt":"2023-11-05T21:58:06","guid":{"rendered":"https:\/\/encuentroinformativo.com.mx\/?p=47182"},"modified":"2023-11-05T15:58:07","modified_gmt":"2023-11-05T21:58:07","slug":"incendian-vehiculo-propiedad-de-exalcalde-sayula-de-aleman","status":"publish","type":"post","link":"https:\/\/encuentroinformativo.com.mx\/?p=47182","title":{"rendered":"Incendian veh\u00edculo propiedad de exalcalde Sayula de Alem\u00e1n"},"content":{"rendered":"\n<p><strong>Juan Arcos <\/strong><\/p>\n\n\n\n<p>Xalapa, Ver.- Una camioneta de la familia de Fredy Ayala Gonz\u00e1lez, exalcalde de Sayula de Alem\u00e1n, fue presuntamente incendiada durante la noche del s\u00e1bado 4 de noviembre en dicho municipio ubicado en la zona sur del estado de Veracruz.<\/p>\n\n\n\n<p>Los hechos ocurrieron alrededor de las 22:15 horas sobre la carretera federal n\u00famero 145 Sayula-Ciudad Alem\u00e1n, a la altura de un restaurante, propiedad de dicha familia de pol\u00edticos.<\/p>\n\n\n\n<p>De acuerdo con los primeros reportes, s\u00f3lo hubo da\u00f1os materiales en una camioneta blanca, marca Nissan, debido al incendio que pudo haber sido provocado.<\/p>\n\n\n\n<p>Hasta el momento, no hay registro de personas lesionadas ni da\u00f1os mayores al mencionado establecimiento.<\/p>\n\n\n\n<p>Seg\u00fan los datos preliminares, circula la versi\u00f3n de que se trat\u00f3 de un hecho de intimidaci\u00f3n, situaci\u00f3n que no ha sido confirmada por las autoridades.<\/p>\n\n\n\n<p>Las autoridades competentes realizan los protocolos de investigaci\u00f3n para dar con los responsables de este hecho registrado en el municipio de Sayula de Alem\u00e1n.<\/p>\n\n\n\n<p>Fredy Ayala Gonz\u00e1lez fue alcalde de Sayula de Alem\u00e1n y diputado local por el Partido de la Revoluci\u00f3n Democr\u00e1tica (PRD). Adem\u00e1s, fue secretario general en el Sol Azteca.<\/p>\n","protected":false},"excerpt":{"rendered":"<p>Juan Arcos Xalapa, Ver.- Una camioneta de la familia de Fredy Ayala Gonz\u00e1lez, exalcalde de Sayula de Alem\u00e1n, fue presuntamente incendiada durante la noche del s\u00e1bado 4 de noviembre en dicho municipio ubicado en la zona sur del estado de Veracruz. Los hechos ocurrieron alrededor de las 22:15 horas sobre la carretera federal n\u00famero 145 [&hellip;]<\/p>\n","protected":false},"author":2476,"featured_media":47183,"comment_status":"open","ping_status":"open","sticky":false,"template":"","format":"standard","meta":{"_jetpack_memberships_contains_paid_content":false,"footnotes":""},"categories":[14],"tags":[],"class_list":["post-47182","post","type-post","status-publish","format-standard","has-post-thumbnail","hentry","category-policiaca"],"jetpack_featured_media_url":"https:\/\/encuentroinformativo.com.mx\/wp-content\/uploads\/2023\/11\/eafb70c2-dfef-4b71-9972-0919468f98f4.jpg","jetpack_sharing_enabled":true,"jetpack_likes_enabled":true,"amp_enabled":true,"_links":{"self":[{"href":"https:\/\/encuentroinformativo.com.mx\/index.php?rest_route=\/wp\/v2\/posts\/47182","targetHints":{"allow":["GET"]}}],"collection":[{"href":"https:\/\/encuentroinformativo.com.mx\/index.php?rest_route=\/wp\/v2\/posts"}],"about":[{"href":"https:\/\/encuentroinformativo.com.mx\/index.php?rest_route=\/wp\/v2\/types\/post"}],"author":[{"embeddable":true,"href":"https:\/\/encuentroinformativo.com.mx\/index.php?rest_route=\/wp\/v2\/users\/2476"}],"replies":[{"embeddable":true,"href":"https:\/\/encuentroinformativo.com.mx\/index.php?rest_route=%2Fwp%2Fv2%2Fcomments&post=47182"}],"version-history":[{"count":1,"href":"https:\/\/encuentroinformativo.com.mx\/index.php?rest_route=\/wp\/v2\/posts\/47182\/revisions"}],"predecessor-version":[{"id":47184,"href":"https:\/\/encuentroinformativo.com.mx\/index.php?rest_route=\/wp\/v2\/posts\/47182\/revisions\/47184"}],"wp:featuredmedia":[{"embeddable":true,"href":"https:\/\/encuentroinformativo.com.mx\/index.php?rest_route=\/wp\/v2\/media\/47183"}],"wp:attachment":[{"href":"https:\/\/encuentroinformativo.com.mx\/index.php?rest_route=%2Fwp%2Fv2%2Fmedia&parent=47182"}],"wp:term":[{"taxonomy":"category","embeddable":true,"href":"https:\/\/encuentroinformativo.com.mx\/index.php?rest_route=%2Fwp%2Fv2%2Fcategories&post=47182"},{"taxonomy":"post_tag","embeddable":true,"href":"https:\/\/encuentroinformativo.com.mx\/index.php?rest_route=%2Fwp%2Fv2%2Ftags&post=47182"}],"curies":[{"name":"wp","href":"https:\/\/api.w.org\/{rel}","templated":true}]}}