{"id":47185,"date":"2023-11-05T16:57:19","date_gmt":"2023-11-05T22:57:19","guid":{"rendered":"https:\/\/encuentroinformativo.com.mx\/?p=47185"},"modified":"2023-11-05T16:57:20","modified_gmt":"2023-11-05T22:57:20","slug":"colectivo-pide-paz-en-palestina-culpa-a-medios-por-baja-convocatoria","status":"publish","type":"post","link":"https:\/\/encuentroinformativo.com.mx\/?p=47185","title":{"rendered":"Colectivo pide paz en Palestina; culpa a medios por baja convocatoria"},"content":{"rendered":"\n<p><strong>Juan Arcos <\/strong><\/p>\n\n\n\n<p>Xalapa, Ver.- Integrantes del colectivo Mahatma Gandhi realizan una serie de protestas en la ciudad de Xalapa para exigir que cesen los bombardeos y ataques a Gaza por parte de Israel.<\/p>\n\n\n\n<p>Este domingo se plantaron frente a Palacio de Gobierno, a un costado de la Catedral Metropolitana, para externar su preocupaci\u00f3n por la guerra en Medio Oriente.<\/p>\n\n\n\n<p>De acuerdo con Jos\u00e9 Arturo Garza Pulido, miembro de dicho colectivo fundado hace 20 a\u00f1os, se busca que m\u00e1s organizaciones civiles y la poblaci\u00f3n en general se sume a las manifestaciones.<\/p>\n\n\n\n<p>El entrevistado culp\u00f3 a los medios de comunicaci\u00f3n de no informar debidamente lo que ocurre entre Palestina e Israel, guerra que ha dejado miles de personas fallecidas.<\/p>\n\n\n\n<p>Adem\u00e1s, los responsabiliz\u00f3 de su nula convocatoria durante sus protestas en Plaza Sebasti\u00e1n Lerdo de Tejada de esta capital veracruzana.<\/p>\n\n\n\n<p>Y es que solo se ha observado a cuatro o cinco personas que se plantan en la plaza p\u00fablica con lonas donde se lee el mensaje: \u201cpaz en Palestina\u201d.<br>\u201cComo lo dice la manta estamos abogando por la paz en Palestina. Es la falta de informaci\u00f3n, ustedes los medios no han hecho lo suficiente para que la gente est\u00e9 enterada\u201d, expres\u00f3 Garza Pulido.<\/p>\n\n\n\n<p>Los quejosos mostraron una parte del poema de Mahmoud Darwish, poeta palestino, donde se le\u00eda: \u201cocuparon mi pa\u00eds, expulsaron a mi pueblo, anularon mi identidad y me llamaron terrorista. Confiscaron mi propiedad, arrancaron mis cosechas, demolieron mi casa y me llamaron terrorista\u201d.<\/p>\n","protected":false},"excerpt":{"rendered":"<p>Juan Arcos Xalapa, Ver.- Integrantes del colectivo Mahatma Gandhi realizan una serie de protestas en la ciudad de Xalapa para exigir que cesen los bombardeos y ataques a Gaza por parte de Israel. Este domingo se plantaron frente a Palacio de Gobierno, a un costado de la Catedral Metropolitana, para externar su preocupaci\u00f3n por la [&hellip;]<\/p>\n","protected":false},"author":2476,"featured_media":47186,"comment_status":"open","ping_status":"open","sticky":false,"template":"","format":"standard","meta":{"_jetpack_memberships_contains_paid_content":false,"footnotes":""},"categories":[3],"tags":[],"class_list":["post-47185","post","type-post","status-publish","format-standard","has-post-thumbnail","hentry","category-xalapa"],"jetpack_featured_media_url":"https:\/\/encuentroinformativo.com.mx\/wp-content\/uploads\/2023\/11\/IMG_8634.jpg","jetpack_sharing_enabled":true,"jetpack_likes_enabled":true,"amp_enabled":true,"_links":{"self":[{"href":"https:\/\/encuentroinformativo.com.mx\/index.php?rest_route=\/wp\/v2\/posts\/47185","targetHints":{"allow":["GET"]}}],"collection":[{"href":"https:\/\/encuentroinformativo.com.mx\/index.php?rest_route=\/wp\/v2\/posts"}],"about":[{"href":"https:\/\/encuentroinformativo.com.mx\/index.php?rest_route=\/wp\/v2\/types\/post"}],"author":[{"embeddable":true,"href":"https:\/\/encuentroinformativo.com.mx\/index.php?rest_route=\/wp\/v2\/users\/2476"}],"replies":[{"embeddable":true,"href":"https:\/\/encuentroinformativo.com.mx\/index.php?rest_route=%2Fwp%2Fv2%2Fcomments&post=47185"}],"version-history":[{"count":1,"href":"https:\/\/encuentroinformativo.com.mx\/index.php?rest_route=\/wp\/v2\/posts\/47185\/revisions"}],"predecessor-version":[{"id":47187,"href":"https:\/\/encuentroinformativo.com.mx\/index.php?rest_route=\/wp\/v2\/posts\/47185\/revisions\/47187"}],"wp:featuredmedia":[{"embeddable":true,"href":"https:\/\/encuentroinformativo.com.mx\/index.php?rest_route=\/wp\/v2\/media\/47186"}],"wp:attachment":[{"href":"https:\/\/encuentroinformativo.com.mx\/index.php?rest_route=%2Fwp%2Fv2%2Fmedia&parent=47185"}],"wp:term":[{"taxonomy":"category","embeddable":true,"href":"https:\/\/encuentroinformativo.com.mx\/index.php?rest_route=%2Fwp%2Fv2%2Fcategories&post=47185"},{"taxonomy":"post_tag","embeddable":true,"href":"https:\/\/encuentroinformativo.com.mx\/index.php?rest_route=%2Fwp%2Fv2%2Ftags&post=47185"}],"curies":[{"name":"wp","href":"https:\/\/api.w.org\/{rel}","templated":true}]}}