{"id":47194,"date":"2023-11-06T09:52:27","date_gmt":"2023-11-06T15:52:27","guid":{"rendered":"https:\/\/encuentroinformativo.com.mx\/?p=47194"},"modified":"2023-11-06T09:52:28","modified_gmt":"2023-11-06T15:52:28","slug":"buscara-diputado-rosales-saltar-a-curul-federal","status":"publish","type":"post","link":"https:\/\/encuentroinformativo.com.mx\/?p=47194","title":{"rendered":"Buscar\u00e1 diputado Rosales saltar a curul federal"},"content":{"rendered":"\n<p><strong>Alejandro \u00c1vila<\/strong><\/p>\n\n\n\n<p>Medell\u00edn de Bravo, Ver.- El pasado fin de semana, el actual diputado local, Magdaleno Rosales Torres, se registr\u00f3 en el proceso interno de Morena como aspirante a la diputaci\u00f3n federal del Distrito 13 con cabecera en Huatusco.<\/p>\n\n\n\n<p>&#8220;El tema del campo es el tema fuerte de nosotros, es nuestra responsabilidad, hemos hecho iniciativas y hemos modificado la Ley Org\u00e1nica del Municipio Libre, muchos exhortos a los alcaldes para que chequen los perfiles de los directores de Fomento Agropecuario, exhortos para que los 212 municipios apoyen a los extensionistas de SEDARPA&#8221;, expres\u00f3.<\/p>\n\n\n\n<p>Cabe mencionar que el actual legislador local se ha destacado por impulsar el desarrollo agropecuario en los municipios que actualmente representa, logrando vincular a la Sedecop creando caminos en localidades de los municipios de Atoyac, Paso del Macho, Medell\u00edn de Bravo, Manlio Fabio Altamirano, Camar\u00f3n de Tejeda.<\/p>\n\n\n\n<p>De la misma manera, ha gestionado apoyos a productores primarios a trav\u00e9s de la SEDARPA, pues miles de campesinos han sufrido perdidas por la sequ\u00eda o desastres naturales.<\/p>\n\n\n\n<p>&#8220;Ahora tenemos la intenci\u00f3n, ya nos apuntamos, de someternos a la encuesta, una encuesta que se va a hacer mediante v\u00eda tel\u00e9fono y visita domiciliaria. Morena en su perfil interno a presentado a varios aspirantes, pero tambi\u00e9n el Partido Verde y el Partido del Trabajo van a meter propuestas&#8221;, detall\u00f3, Magdaleno Rosales Torres.<\/p>\n","protected":false},"excerpt":{"rendered":"<p>Alejandro \u00c1vila Medell\u00edn de Bravo, Ver.- El pasado fin de semana, el actual diputado local, Magdaleno Rosales Torres, se registr\u00f3 en el proceso interno de Morena como aspirante a la diputaci\u00f3n federal del Distrito 13 con cabecera en Huatusco. &#8220;El tema del campo es el tema fuerte de nosotros, es nuestra responsabilidad, hemos hecho iniciativas [&hellip;]<\/p>\n","protected":false},"author":2476,"featured_media":47195,"comment_status":"open","ping_status":"open","sticky":false,"template":"","format":"standard","meta":{"_jetpack_memberships_contains_paid_content":false,"footnotes":""},"categories":[2],"tags":[],"class_list":["post-47194","post","type-post","status-publish","format-standard","has-post-thumbnail","hentry","category-estado"],"jetpack_featured_media_url":"https:\/\/encuentroinformativo.com.mx\/wp-content\/uploads\/2023\/11\/IMG-20231106-WA00012.jpg","jetpack_sharing_enabled":true,"jetpack_likes_enabled":true,"amp_enabled":true,"_links":{"self":[{"href":"https:\/\/encuentroinformativo.com.mx\/index.php?rest_route=\/wp\/v2\/posts\/47194","targetHints":{"allow":["GET"]}}],"collection":[{"href":"https:\/\/encuentroinformativo.com.mx\/index.php?rest_route=\/wp\/v2\/posts"}],"about":[{"href":"https:\/\/encuentroinformativo.com.mx\/index.php?rest_route=\/wp\/v2\/types\/post"}],"author":[{"embeddable":true,"href":"https:\/\/encuentroinformativo.com.mx\/index.php?rest_route=\/wp\/v2\/users\/2476"}],"replies":[{"embeddable":true,"href":"https:\/\/encuentroinformativo.com.mx\/index.php?rest_route=%2Fwp%2Fv2%2Fcomments&post=47194"}],"version-history":[{"count":1,"href":"https:\/\/encuentroinformativo.com.mx\/index.php?rest_route=\/wp\/v2\/posts\/47194\/revisions"}],"predecessor-version":[{"id":47196,"href":"https:\/\/encuentroinformativo.com.mx\/index.php?rest_route=\/wp\/v2\/posts\/47194\/revisions\/47196"}],"wp:featuredmedia":[{"embeddable":true,"href":"https:\/\/encuentroinformativo.com.mx\/index.php?rest_route=\/wp\/v2\/media\/47195"}],"wp:attachment":[{"href":"https:\/\/encuentroinformativo.com.mx\/index.php?rest_route=%2Fwp%2Fv2%2Fmedia&parent=47194"}],"wp:term":[{"taxonomy":"category","embeddable":true,"href":"https:\/\/encuentroinformativo.com.mx\/index.php?rest_route=%2Fwp%2Fv2%2Fcategories&post=47194"},{"taxonomy":"post_tag","embeddable":true,"href":"https:\/\/encuentroinformativo.com.mx\/index.php?rest_route=%2Fwp%2Fv2%2Ftags&post=47194"}],"curies":[{"name":"wp","href":"https:\/\/api.w.org\/{rel}","templated":true}]}}