{"id":47198,"date":"2023-11-06T10:28:24","date_gmt":"2023-11-06T16:28:24","guid":{"rendered":"https:\/\/encuentroinformativo.com.mx\/?p=47198"},"modified":"2023-11-06T10:28:24","modified_gmt":"2023-11-06T16:28:24","slug":"en-protesta-colectivos-de-busqueda-cierran-centro-de-xalapa","status":"publish","type":"post","link":"https:\/\/encuentroinformativo.com.mx\/?p=47198","title":{"rendered":"En protesta, colectivos de b\u00fasqueda cierran centro de Xalapa"},"content":{"rendered":"\n<p><strong>Dar\u00edo Pale <\/strong><\/p>\n\n\n\n<p>Xalapa, Ver.- Decenas de integrantes de al menos 30 colectivos de b\u00fasqueda de personas desaparecidas del estado cerraron el centro de Xalapa con la finalidad de que los atienda el gobernador del estado Cuitl\u00e1huac Garc\u00eda Jim\u00e9nez.<\/p>\n\n\n\n<p>Durante la manifestaci\u00f3n se\u00f1alaron que ante la falta de atenci\u00f3n de las diversas instituciones, ante la falta de debida diligencia en las carpetas de investigaci\u00f3n, avances en las mismas, entre otros, los inconformes est\u00e1n exigiendo una audiencia con el gobernador Cuitl\u00e1huac Garc\u00eda Jim\u00e9nez y todo el mecanismo.<\/p>\n\n\n\n<p>Los inconformes llegaron desde temprana hora y acordonaron de forma simb\u00f3lica el palacio de Gobierno, amarraron las puertas de palacio sin permitir el ingreso al personal que ah\u00ed labora, pero adem\u00e1s cerraron la calle de Enr\u00edquez.<\/p>\n\n\n\n<p>La se\u00f1ora Mar\u00eda Elena Guti\u00e9rrez, del colectivo &#8220;Buscando a nuestros desaparecidos y desaparecidas Veracruz&#8221;, exigi\u00f3 que se re\u00fanan todos los integrantes del Mecanismo Estatal de Coordinaci\u00f3n en Materia de B\u00fasqueda de Personas.<\/p>\n\n\n\n<p>A dicho grupo lo debe convocar la Secretar\u00eda de Gobierno, pero lo conforman la Fiscal\u00eda General del Estado, Fiscal\u00eda de Desaparecidos, Asuntos Periciales, Secretar\u00eda de Seguridad P\u00fablica, entre otros.<\/p>\n\n\n\n<p>Record\u00f3 que dicho mecanismo existe en la Ley en Materia de Desaparici\u00f3n de Personas para el Estado de Veracruz y, porque no se ha reunido es que est\u00e1n exigiendo la presencia de todos.<br>Mar\u00eda Elena Guti\u00e9rrez record\u00f3 que existe la Fiscal\u00eda Especializada para la Atenci\u00f3n de Denuncias por Personas Desaparecidas, pero descuida asuntos contextuales.<\/p>\n\n\n\n<p>Explic\u00f3 que ello quiere decir que descuidan cu\u00e1ndo desaparecen, c\u00f3mo desaparecen, cu\u00e1les son las situaciones que pudieran explicar la desaparici\u00f3n y con ello poder buscar los puntos d\u00f3nde se pueda buscar a los desaparecidos.<\/p>\n\n\n\n<p>&#8220;Mientras no haya an\u00e1lisis de contexto criminal en las carpetas de investigaci\u00f3n no podemos avanzar&#8221;, se\u00f1al\u00f3.<\/p>\n\n\n\n<p>Finalmente, afirm\u00f3 que la Comisi\u00f3n Estatal de B\u00fasqueda ni existe en la Ley y por lo tanto no deber\u00eda de exigir y tener ese presupuesto tan grande que tiene y m\u00e1s bien ese recurso deber\u00eda ser para la Fiscal\u00eda Especializada en la materia, y sostuvo que no se mover\u00edan del centro hasta que no sean atendidos.<\/p>\n","protected":false},"excerpt":{"rendered":"<p>Dar\u00edo Pale Xalapa, Ver.- Decenas de integrantes de al menos 30 colectivos de b\u00fasqueda de personas desaparecidas del estado cerraron el centro de Xalapa con la finalidad de que los atienda el gobernador del estado Cuitl\u00e1huac Garc\u00eda Jim\u00e9nez. Durante la manifestaci\u00f3n se\u00f1alaron que ante la falta de atenci\u00f3n de las diversas instituciones, ante la falta [&hellip;]<\/p>\n","protected":false},"author":2476,"featured_media":47199,"comment_status":"open","ping_status":"open","sticky":false,"template":"","format":"standard","meta":{"_jetpack_memberships_contains_paid_content":false,"footnotes":""},"categories":[3],"tags":[],"class_list":["post-47198","post","type-post","status-publish","format-standard","has-post-thumbnail","hentry","category-xalapa"],"jetpack_featured_media_url":"https:\/\/encuentroinformativo.com.mx\/wp-content\/uploads\/2023\/11\/IMG-20231106-WA0012.jpg","jetpack_sharing_enabled":true,"jetpack_likes_enabled":true,"amp_enabled":true,"_links":{"self":[{"href":"https:\/\/encuentroinformativo.com.mx\/index.php?rest_route=\/wp\/v2\/posts\/47198","targetHints":{"allow":["GET"]}}],"collection":[{"href":"https:\/\/encuentroinformativo.com.mx\/index.php?rest_route=\/wp\/v2\/posts"}],"about":[{"href":"https:\/\/encuentroinformativo.com.mx\/index.php?rest_route=\/wp\/v2\/types\/post"}],"author":[{"embeddable":true,"href":"https:\/\/encuentroinformativo.com.mx\/index.php?rest_route=\/wp\/v2\/users\/2476"}],"replies":[{"embeddable":true,"href":"https:\/\/encuentroinformativo.com.mx\/index.php?rest_route=%2Fwp%2Fv2%2Fcomments&post=47198"}],"version-history":[{"count":1,"href":"https:\/\/encuentroinformativo.com.mx\/index.php?rest_route=\/wp\/v2\/posts\/47198\/revisions"}],"predecessor-version":[{"id":47200,"href":"https:\/\/encuentroinformativo.com.mx\/index.php?rest_route=\/wp\/v2\/posts\/47198\/revisions\/47200"}],"wp:featuredmedia":[{"embeddable":true,"href":"https:\/\/encuentroinformativo.com.mx\/index.php?rest_route=\/wp\/v2\/media\/47199"}],"wp:attachment":[{"href":"https:\/\/encuentroinformativo.com.mx\/index.php?rest_route=%2Fwp%2Fv2%2Fmedia&parent=47198"}],"wp:term":[{"taxonomy":"category","embeddable":true,"href":"https:\/\/encuentroinformativo.com.mx\/index.php?rest_route=%2Fwp%2Fv2%2Fcategories&post=47198"},{"taxonomy":"post_tag","embeddable":true,"href":"https:\/\/encuentroinformativo.com.mx\/index.php?rest_route=%2Fwp%2Fv2%2Ftags&post=47198"}],"curies":[{"name":"wp","href":"https:\/\/api.w.org\/{rel}","templated":true}]}}