{"id":47205,"date":"2023-11-06T13:25:18","date_gmt":"2023-11-06T19:25:18","guid":{"rendered":"https:\/\/encuentroinformativo.com.mx\/?p=47205"},"modified":"2023-11-06T13:25:19","modified_gmt":"2023-11-06T19:25:19","slug":"alondra-villegas-senorita-jaripeo-de-medellin-de-bravo","status":"publish","type":"post","link":"https:\/\/encuentroinformativo.com.mx\/?p=47205","title":{"rendered":"Alondra Villegas, Se\u00f1orita Jaripeo de Medell\u00edn de Bravo"},"content":{"rendered":"\n<p><strong>Alejandro \u00c1vila<\/strong><\/p>\n\n\n\n<p>Medell\u00edn de Bravo, Ver.- En un ambiente de fiesta, la joven, Alondra Villegas Gonz\u00e1lez recibi\u00f3 la banda de Se\u00f1orita Jaripeo 2023, destacando entre un grupo talentoso de participantes, que fueron evaluadas por un jurado calificador.<\/p>\n\n\n\n<p>Guillermo Herrada Jim\u00e9nez, fue el encargados de colocar la banda a la que ser\u00e1 la embajadora del Jaripeo MEMO 2023, a realizarse el pr\u00f3ximo 19 de noviembre en punto de las seis de la tarde en el Campo Ejidal de El Tejar.<\/p>\n\n\n\n<p>Fueron cuatro las aspirantes, Karla Adayani Dominguez \u00c1lvarez, Estela Neri Pe\u00f1a, Fatima Cruz Cueto y Alondra Villegas Gonz\u00e1lez, quienes ingresaron montando a caballo con sus trajes alusivos al Jaripeo, donde manifestaron al jurado calificador y a los m\u00e1s de 500 asistentes, el porque quer\u00edan ser la Se\u00f1orita Jaripeo 2023.<\/p>\n\n\n\n<p>El jurado calificador estuvo integrado expertos en la materia, especialistas en Moda, Belleza y Dise\u00f1o, quienes gracias a sus amplios conocimientos pudieron deliberar quien era la joven adecuada para ser Se\u00f1orita Jaripeo MEMO 2023.<\/p>\n\n\n\n<p>El jurado fue integrado por Anna Delia Pensado, empresaria Creadora de la marca MEXICONESTILO; Michelle L\u00f3pez Villegas, reconocida en el ambito Empresarial; Rogelio San Mart\u00edn, Dise\u00f1ador de Alta Costura y Arnold Ojeda, Empresario Veracruzano, Director General de Divine Beauty Cl\u00ednica.<\/p>\n\n\n\n<p>Alondra, una apasionada de las tradiciones mexicanas y amante de los caballos, ha dedicado gran parte de su vida al jaripeo.<\/p>\n\n\n\n<p>Su dedicaci\u00f3n y esfuerzo se reflejaron en su desempe\u00f1o durante el certamen, donde se destac\u00f3 por su habilidad para montar, as\u00ed como por su elegancia y carisma en el ruedo. Como Se\u00f1orita Jaripeo Memo 2023, Alondra Villegas se compromete a ser una embajadora de la cultura del jaripeo, promoviendo sus valores y tradiciones en eventos.<\/p>\n\n\n\n<p>&#8220;Es un honor y un sue\u00f1o hecho realidad ser nombrada Se\u00f1orita Jaripeo Memo 2023&#8221;, expres\u00f3 Alondra Villegas emocionada.&nbsp;<\/p>\n\n\n\n<p>Las aspirantes que fueron maquilladas y peinadas por los expertos en belleza Mario Jacome y Aldho Lomme Loyola, estuvieron todo el tiempo apoyadas por sus porras, que no dejaron de corear sus nombres durante todo el evento, donde result\u00f3 ganadora la porra Rosa, distintivo de la joven F\u00e1tima Cruz Cueto, quien adem\u00e1s recibi\u00f3 la Banda distintiva como Se\u00f1orita Fotogenia Jaripeo MEMO 2023.<\/p>\n\n\n\n<p>De igual forma Karla Adayani Dominguez \u00c1lvarez, recibi\u00f3 la Banda de Se\u00f1orita Elegancia y la joven Estela Neri Pe\u00f1a fue galardonada con la Banda de Se\u00f1orita Simpat\u00eda del Jaripeo MEMO 2023.<\/p>\n\n\n\n<p>El Guillermo Herrada Jim\u00e9nez, destac\u00f3 la participaci\u00f3n y entusiasmo de todas las aspirantes, reconociendo su esfuerzo y el de sus familias, destacando que todos unidos como sociedad pueden realizar eventos de calidad que vuelvan a poner a Medell\u00edn en la agenda.&nbsp;<\/p>\n\n\n\n<p>\u201cEstoy muy emocionado, de ver la respuesta de la gente, de las participantes, de sus familias, de que juntos tengamos el mismo objetivo, regresar las tradiciones a nuestro querido municipio, reactivar Medell\u00edn, que los municipios vecinos volteen a vernos; traer este tipo de grandes eventos, de gran nivel, hace que m\u00e1s empresarios se quieran sumar, y eso es lo que me motiva, que somos m\u00e1s los medellinenses que queremos progreso\u201d.<\/p>\n\n\n\n<p>En su discurso, adem\u00e1s de felicitar a las participantes la Doctora Betsab\u00e9 Solis Neri, puntualiz\u00f3 la importancia de que las nuevas generaciones se involucren en el rescate de las tradiciones, para hacer que Medell\u00edn aparezca en el mapa y deje de ser \u201cun patio trasero\u201d.<\/p>\n\n\n\n<p>Durante el certamen de Se\u00f1orita Jaripeo MEMO 2023, se cont\u00f3 con la presentaci\u00f3n del Ballet del Maestro Victor Gallardo Triana, integrado por Claudia, Sotery y Luis Lagunes; el multipremiado Arturo Franco Medina, con una demostraci\u00f3n de floreo de soga, la presentaci\u00f3n de Diego Gonz\u00e1lez V., que puso a corear a todos los grandes \u00e9xitos de \u201cDivo de Ju\u00e1rez\u201d y el talentoso joven cantante de m\u00fasica de Banda, Diego Herrada.<\/p>\n","protected":false},"excerpt":{"rendered":"<p>Alejandro \u00c1vila Medell\u00edn de Bravo, Ver.- En un ambiente de fiesta, la joven, Alondra Villegas Gonz\u00e1lez recibi\u00f3 la banda de Se\u00f1orita Jaripeo 2023, destacando entre un grupo talentoso de participantes, que fueron evaluadas por un jurado calificador. Guillermo Herrada Jim\u00e9nez, fue el encargados de colocar la banda a la que ser\u00e1 la embajadora del Jaripeo [&hellip;]<\/p>\n","protected":false},"author":2476,"featured_media":47206,"comment_status":"open","ping_status":"open","sticky":false,"template":"","format":"standard","meta":{"_jetpack_memberships_contains_paid_content":false,"footnotes":""},"categories":[2],"tags":[],"class_list":["post-47205","post","type-post","status-publish","format-standard","has-post-thumbnail","hentry","category-estado"],"jetpack_featured_media_url":"https:\/\/encuentroinformativo.com.mx\/wp-content\/uploads\/2023\/11\/IMG-20231106-WA00212.jpg","jetpack_sharing_enabled":true,"jetpack_likes_enabled":true,"amp_enabled":true,"_links":{"self":[{"href":"https:\/\/encuentroinformativo.com.mx\/index.php?rest_route=\/wp\/v2\/posts\/47205","targetHints":{"allow":["GET"]}}],"collection":[{"href":"https:\/\/encuentroinformativo.com.mx\/index.php?rest_route=\/wp\/v2\/posts"}],"about":[{"href":"https:\/\/encuentroinformativo.com.mx\/index.php?rest_route=\/wp\/v2\/types\/post"}],"author":[{"embeddable":true,"href":"https:\/\/encuentroinformativo.com.mx\/index.php?rest_route=\/wp\/v2\/users\/2476"}],"replies":[{"embeddable":true,"href":"https:\/\/encuentroinformativo.com.mx\/index.php?rest_route=%2Fwp%2Fv2%2Fcomments&post=47205"}],"version-history":[{"count":1,"href":"https:\/\/encuentroinformativo.com.mx\/index.php?rest_route=\/wp\/v2\/posts\/47205\/revisions"}],"predecessor-version":[{"id":47207,"href":"https:\/\/encuentroinformativo.com.mx\/index.php?rest_route=\/wp\/v2\/posts\/47205\/revisions\/47207"}],"wp:featuredmedia":[{"embeddable":true,"href":"https:\/\/encuentroinformativo.com.mx\/index.php?rest_route=\/wp\/v2\/media\/47206"}],"wp:attachment":[{"href":"https:\/\/encuentroinformativo.com.mx\/index.php?rest_route=%2Fwp%2Fv2%2Fmedia&parent=47205"}],"wp:term":[{"taxonomy":"category","embeddable":true,"href":"https:\/\/encuentroinformativo.com.mx\/index.php?rest_route=%2Fwp%2Fv2%2Fcategories&post=47205"},{"taxonomy":"post_tag","embeddable":true,"href":"https:\/\/encuentroinformativo.com.mx\/index.php?rest_route=%2Fwp%2Fv2%2Ftags&post=47205"}],"curies":[{"name":"wp","href":"https:\/\/api.w.org\/{rel}","templated":true}]}}