{"id":47211,"date":"2023-11-06T14:31:53","date_gmt":"2023-11-06T20:31:53","guid":{"rendered":"https:\/\/encuentroinformativo.com.mx\/?p=47211"},"modified":"2023-11-06T14:31:54","modified_gmt":"2023-11-06T20:31:54","slug":"cafe-arabica-al-borde-del-exterminio-lamentan-productores","status":"publish","type":"post","link":"https:\/\/encuentroinformativo.com.mx\/?p=47211","title":{"rendered":"Caf\u00e9 ar\u00e1bica al borde del exterminio, lamentan productores"},"content":{"rendered":"\n<p><strong>Juan Arcos <\/strong><\/p>\n\n\n\n<p>Xalapa,Ver.- El cultivo de caf\u00e9 ar\u00e1bica est\u00e1 al borde del \u201cexterminio\u201d en el estado de Veracruz, increparon cafetaleros durante su protesta frente a Palacio de Gobierno, en la zona centro de esta ciudad de Xalapa.<\/p>\n\n\n\n<p>Los quejosos se plantaron sobre Plaza Sebasti\u00e1n Lerdo de Tejada, a un costado de la Catedral Metropolitana de Xalapa, para exigir apoyos al gobierno.<\/p>\n\n\n\n<p>De acuerdo con Cirilo Elotl\u00e1n D\u00edaz, integrante del Consejo Regional del Caf\u00e9 de Coatepec, faltan pol\u00edticas p\u00fablicas por parte del gobierno federal, estatal y municipal para beneficiar al sector cafetalero.<\/p>\n\n\n\n<p>El entrevistado mencion\u00f3 que el impacto del cambio clim\u00e1tico tambi\u00e9n ha perjudicado a los productores, pues la reci\u00e9n cosecha se adelant\u00f3 un mes -inici\u00f3 en octubre y terminar\u00eda en marzo- y a\u00fan no estaban preparados para los gastos de recolecci\u00f3n.<\/p>\n\n\n\n<p>Adem\u00e1s, Elotl\u00e1n D\u00edaz indic\u00f3 que el precio del caf\u00e9 est\u00e1 \u201cpor los suelos\u201d, pues oscila entre los 6 y 7 pesos con 50 centavos el kilogramo de cereza, situaci\u00f3n que no es rentable para ellos.<\/p>\n\n\n\n<p>\u201cEl precio mejor pagado es en el municipio de Cosautl\u00e1n, donde est\u00e1 a 7.40 pesos pero es un municipio en relaci\u00f3n a todos los dem\u00e1s\u201d, enfatiz\u00f3.<\/p>\n\n\n\n<p>El precio del quintal de caf\u00e9 pergamino convencional cay\u00f3 50 por ciento, pues cuesta 2 mil 100 pesos y en la cosecha antepasada se pag\u00f3 a 4 mil 200 pesos.<\/p>\n\n\n\n<p>Por tal motivo, demandaron al gobierno federal una compensaci\u00f3n por los bajos precios del caf\u00e9, como se ha ayudado a productores de ma\u00edz.<\/p>\n","protected":false},"excerpt":{"rendered":"<p>Juan Arcos Xalapa,Ver.- El cultivo de caf\u00e9 ar\u00e1bica est\u00e1 al borde del \u201cexterminio\u201d en el estado de Veracruz, increparon cafetaleros durante su protesta frente a Palacio de Gobierno, en la zona centro de esta ciudad de Xalapa. Los quejosos se plantaron sobre Plaza Sebasti\u00e1n Lerdo de Tejada, a un costado de la Catedral Metropolitana de [&hellip;]<\/p>\n","protected":false},"author":2476,"featured_media":47212,"comment_status":"open","ping_status":"open","sticky":false,"template":"","format":"standard","meta":{"_jetpack_memberships_contains_paid_content":false,"footnotes":""},"categories":[8],"tags":[],"class_list":["post-47211","post","type-post","status-publish","format-standard","has-post-thumbnail","hentry","category-region"],"jetpack_featured_media_url":"https:\/\/encuentroinformativo.com.mx\/wp-content\/uploads\/2023\/11\/IMG_0205.jpg","jetpack_sharing_enabled":true,"jetpack_likes_enabled":true,"amp_enabled":true,"_links":{"self":[{"href":"https:\/\/encuentroinformativo.com.mx\/index.php?rest_route=\/wp\/v2\/posts\/47211","targetHints":{"allow":["GET"]}}],"collection":[{"href":"https:\/\/encuentroinformativo.com.mx\/index.php?rest_route=\/wp\/v2\/posts"}],"about":[{"href":"https:\/\/encuentroinformativo.com.mx\/index.php?rest_route=\/wp\/v2\/types\/post"}],"author":[{"embeddable":true,"href":"https:\/\/encuentroinformativo.com.mx\/index.php?rest_route=\/wp\/v2\/users\/2476"}],"replies":[{"embeddable":true,"href":"https:\/\/encuentroinformativo.com.mx\/index.php?rest_route=%2Fwp%2Fv2%2Fcomments&post=47211"}],"version-history":[{"count":1,"href":"https:\/\/encuentroinformativo.com.mx\/index.php?rest_route=\/wp\/v2\/posts\/47211\/revisions"}],"predecessor-version":[{"id":47213,"href":"https:\/\/encuentroinformativo.com.mx\/index.php?rest_route=\/wp\/v2\/posts\/47211\/revisions\/47213"}],"wp:featuredmedia":[{"embeddable":true,"href":"https:\/\/encuentroinformativo.com.mx\/index.php?rest_route=\/wp\/v2\/media\/47212"}],"wp:attachment":[{"href":"https:\/\/encuentroinformativo.com.mx\/index.php?rest_route=%2Fwp%2Fv2%2Fmedia&parent=47211"}],"wp:term":[{"taxonomy":"category","embeddable":true,"href":"https:\/\/encuentroinformativo.com.mx\/index.php?rest_route=%2Fwp%2Fv2%2Fcategories&post=47211"},{"taxonomy":"post_tag","embeddable":true,"href":"https:\/\/encuentroinformativo.com.mx\/index.php?rest_route=%2Fwp%2Fv2%2Ftags&post=47211"}],"curies":[{"name":"wp","href":"https:\/\/api.w.org\/{rel}","templated":true}]}}