{"id":47214,"date":"2023-11-06T14:46:41","date_gmt":"2023-11-06T20:46:41","guid":{"rendered":"https:\/\/encuentroinformativo.com.mx\/?p=47214"},"modified":"2023-11-06T14:46:41","modified_gmt":"2023-11-06T20:46:41","slug":"acusan-que-fiscalia-no-recibe-denuncia-por-sustraccion-de-menores-afirma-madre-afectada","status":"publish","type":"post","link":"https:\/\/encuentroinformativo.com.mx\/?p=47214","title":{"rendered":"Acusan que Fiscal\u00eda no recibe denuncia por sustracci\u00f3n de menores, afirma madre afectada"},"content":{"rendered":"\n<p><strong>Dar\u00edo Pale <\/strong><\/p>\n\n\n\n<p>Xalapa, Ver.- La se\u00f1ora Giselle Pivoine Mart\u00ednez Perdomo dio a conocer que sus menores hijos fueron sustra\u00eddos por su ex pareja Sa\u00fal Garc\u00eda y la Fiscal\u00eda General del Estado (FGE), no ha recibido la denuncia ya que \u00e9ste es jefe de \u00e1rea de Inteligencia de la fiscal\u00eda.<\/p>\n\n\n\n<p>En conferencia de prensa se\u00f1al\u00f3, que su presencia se debe a que quiere hacer una denuncia p\u00fablica de su expareja Sa\u00fal quien se desempe\u00f1a como servidor p\u00fablico en la FGE, y que el pasado 17 de octubre sustrajo de su domicilio a los dos menores y hasta este momento no sabe nada de ellos.<\/p>\n\n\n\n<p>Coment\u00f3 que a su hija se le est\u00e1 violentando su derecho a la educaci\u00f3n ya que no la ha llevado a la escuela, adem\u00e1s de que su hijo hab\u00eda estado enfermo y desconoce si ya fue atendido ya que la fiscal\u00eda no quiere proceder en su contra.<\/p>\n\n\n\n<p>Se\u00f1alo que ya se est\u00e1 divorciando por ser una persona violenta, y en el mes de octubre del 2022 la golpe\u00f3 y la jaloneo en frente de sus hijos, lo denunci\u00f3 pero a los dos d\u00edas la oblig\u00f3 a desistir para que no fuera perjudicado en su trabajo al igual que hace huso de sus influencias gracias a su cargo.<\/p>\n\n\n\n<p>El pasado 12 de agosto de este a\u00f1o, de nueva cuenta fue violentada por lo que volvi\u00f3 a presentar una denuncia y desde esa fecha se separ\u00f3 de \u00e9l bajo acuerdo de voluntades del se\u00f1or Raul y de ella se dividi\u00f3 que los ni\u00f1os permanecieran bajo su custodia,muy a pesar de que \u00e9l no est\u00e1 cumpliendo con lo acordado en cuanto a la pensi\u00f3n alimenticia \u00a0adem\u00e1s de que no le neg\u00f3 la pensi\u00f3n alimenticia.<\/p>\n\n\n\n<p>Dio a conocer que el 11 de octubre de este a\u00f1o \u00e9l promovi\u00f3 ante los juzgados una consignaci\u00f3n de pago de pensi\u00f3n alimenticia para sus hijos con lo cual reconoce que ella ten\u00eda la guarda custodia eso le da la raz\u00f3n para exigir justicia.<\/p>\n\n\n\n<p>Dijo que desde el 18 de octubre est\u00e1 solicitando a las autoridades a las autoridades que le permitan denunciarlo por la sustracci\u00f3n de mentores pero hacen caso omiso, le dicen que esa conducta se hace por la v\u00eda civil, pero sus abogados y ella han presentado dos oficios con fecha 18 y 27 de octubre para que le permitan ejercer su derecho a denunciarlo formalmente pero no le hacen caso.<\/p>\n\n\n\n<p>Por lo que exige justicia para sus hijos, ya que han acudido a la Comisi\u00f3n Estatal de B\u00fasqueda, al Instituto Veracruzano de la Mujer y a la Comisi\u00f3n Estatal de Derechos Humanos, pero nadie la ha podido ayudar a recuperar sus hijos.<\/p>\n","protected":false},"excerpt":{"rendered":"<p>Dar\u00edo Pale Xalapa, Ver.- La se\u00f1ora Giselle Pivoine Mart\u00ednez Perdomo dio a conocer que sus menores hijos fueron sustra\u00eddos por su ex pareja Sa\u00fal Garc\u00eda y la Fiscal\u00eda General del Estado (FGE), no ha recibido la denuncia ya que \u00e9ste es jefe de \u00e1rea de Inteligencia de la fiscal\u00eda. En conferencia de prensa se\u00f1al\u00f3, que [&hellip;]<\/p>\n","protected":false},"author":2476,"featured_media":47215,"comment_status":"open","ping_status":"open","sticky":false,"template":"","format":"standard","meta":{"_jetpack_memberships_contains_paid_content":false,"footnotes":""},"categories":[2],"tags":[],"class_list":["post-47214","post","type-post","status-publish","format-standard","has-post-thumbnail","hentry","category-estado"],"jetpack_featured_media_url":"https:\/\/encuentroinformativo.com.mx\/wp-content\/uploads\/2023\/11\/IMG-20231106-WA0053.jpg","jetpack_sharing_enabled":true,"jetpack_likes_enabled":true,"amp_enabled":true,"_links":{"self":[{"href":"https:\/\/encuentroinformativo.com.mx\/index.php?rest_route=\/wp\/v2\/posts\/47214","targetHints":{"allow":["GET"]}}],"collection":[{"href":"https:\/\/encuentroinformativo.com.mx\/index.php?rest_route=\/wp\/v2\/posts"}],"about":[{"href":"https:\/\/encuentroinformativo.com.mx\/index.php?rest_route=\/wp\/v2\/types\/post"}],"author":[{"embeddable":true,"href":"https:\/\/encuentroinformativo.com.mx\/index.php?rest_route=\/wp\/v2\/users\/2476"}],"replies":[{"embeddable":true,"href":"https:\/\/encuentroinformativo.com.mx\/index.php?rest_route=%2Fwp%2Fv2%2Fcomments&post=47214"}],"version-history":[{"count":1,"href":"https:\/\/encuentroinformativo.com.mx\/index.php?rest_route=\/wp\/v2\/posts\/47214\/revisions"}],"predecessor-version":[{"id":47216,"href":"https:\/\/encuentroinformativo.com.mx\/index.php?rest_route=\/wp\/v2\/posts\/47214\/revisions\/47216"}],"wp:featuredmedia":[{"embeddable":true,"href":"https:\/\/encuentroinformativo.com.mx\/index.php?rest_route=\/wp\/v2\/media\/47215"}],"wp:attachment":[{"href":"https:\/\/encuentroinformativo.com.mx\/index.php?rest_route=%2Fwp%2Fv2%2Fmedia&parent=47214"}],"wp:term":[{"taxonomy":"category","embeddable":true,"href":"https:\/\/encuentroinformativo.com.mx\/index.php?rest_route=%2Fwp%2Fv2%2Fcategories&post=47214"},{"taxonomy":"post_tag","embeddable":true,"href":"https:\/\/encuentroinformativo.com.mx\/index.php?rest_route=%2Fwp%2Fv2%2Ftags&post=47214"}],"curies":[{"name":"wp","href":"https:\/\/api.w.org\/{rel}","templated":true}]}}