{"id":47217,"date":"2023-11-06T15:25:41","date_gmt":"2023-11-06T21:25:41","guid":{"rendered":"https:\/\/encuentroinformativo.com.mx\/?p=47217"},"modified":"2023-11-06T15:25:42","modified_gmt":"2023-11-06T21:25:42","slug":"se-busca-dialogo-con-colectivos-yahir-ademar","status":"publish","type":"post","link":"https:\/\/encuentroinformativo.com.mx\/?p=47217","title":{"rendered":"Se busca di\u00e1logo con colectivos: Yahir Ademar"},"content":{"rendered":"\n<p><strong>Dar\u00edo Pale <\/strong><\/p>\n\n\n\n<p>Xalapa, Ver.- El subsecretario de Gobierno, Yahir Ademar Dom\u00ednguez, descart\u00f3 el uso de la fuerza p\u00fablica para desalojar a los manifestantes de la zona centro y que tomaron palacio de gobierno, adem\u00e1s de que advirtieron el riesgo de colapso por cierre de entradas y salidas por los colectivos.<\/p>\n\n\n\n<p>Entrevistado posterior a la reuni\u00f3n con los colectivos y ante la advertencia de que los colectivos de b\u00fasqueda de personas desaparecidas bloqueen, adem\u00e1s del primer cuadro de la ciudad, las entradas y salidas de Xalapa, \u00e9l , dijo que ya fueron atendidas, pero se niegan al di\u00e1logo en tanto no sea con el Gobernador.\u00a0<\/p>\n\n\n\n<p>Manifest\u00f3 que la administraci\u00f3n de Cuitl\u00e1huac Garc\u00eda no quiere generar m\u00e1s afectaciones a terceros.<\/p>\n\n\n\n<p>\u201cEllos est\u00e1n en una negativa y ante sus peticiones, vamos a hacer comunicaci\u00f3n con el Gobernador que se encuentra fuera del Estado atendiendo temas de la Mesa para la Construcci\u00f3n de la Paz\u201d, se\u00f1al\u00f3.<\/p>\n\n\n\n<p>El funcionario refiri\u00f3 que el titular del Ejecutivo dijo que est\u00e1 en toda la disposici\u00f3n de atender a los colectivos, pero justific\u00f3 la falta de atenci\u00f3n a los colectivos por distintas razones.\u00a0<\/p>\n\n\n\n<p>Insisti\u00f3 en que el Mandatario ya les dijo que los puede recibir, pero ya depender\u00e1 de los representantes de los colectivos para celebrar una reuni\u00f3n.\u00a0<\/p>\n\n\n\n<p>Ademar Dom\u00ednguez dijo que analizar\u00e1n si antes del 24 de noviembre podr\u00edan reunirse tanto con el gobernador como con los titulares de las dependencias que est\u00e1n relacionadas con la atenci\u00f3n a las v\u00edctimas.\u00a0<\/p>\n\n\n\n<p>Finalmente, descart\u00f3 que durante esta manifestaci\u00f3n vayan a hacer uso de la fuerza p\u00fablica para desalojar a los inconformes, ya que respetan la libre manifestaci\u00f3n, adem\u00e1s de que tienen empat\u00eda con el dolor de los colectivos de b\u00fasqueda de personas desaparecidas.<\/p>\n","protected":false},"excerpt":{"rendered":"<p>Dar\u00edo Pale Xalapa, Ver.- El subsecretario de Gobierno, Yahir Ademar Dom\u00ednguez, descart\u00f3 el uso de la fuerza p\u00fablica para desalojar a los manifestantes de la zona centro y que tomaron palacio de gobierno, adem\u00e1s de que advirtieron el riesgo de colapso por cierre de entradas y salidas por los colectivos. Entrevistado posterior a la reuni\u00f3n [&hellip;]<\/p>\n","protected":false},"author":2476,"featured_media":47218,"comment_status":"open","ping_status":"open","sticky":false,"template":"","format":"standard","meta":{"_jetpack_memberships_contains_paid_content":false,"footnotes":""},"categories":[3],"tags":[],"class_list":["post-47217","post","type-post","status-publish","format-standard","has-post-thumbnail","hentry","category-xalapa"],"jetpack_featured_media_url":"https:\/\/encuentroinformativo.com.mx\/wp-content\/uploads\/2023\/11\/IMG-20231106-WA0065.jpg","jetpack_sharing_enabled":true,"jetpack_likes_enabled":true,"amp_enabled":true,"_links":{"self":[{"href":"https:\/\/encuentroinformativo.com.mx\/index.php?rest_route=\/wp\/v2\/posts\/47217","targetHints":{"allow":["GET"]}}],"collection":[{"href":"https:\/\/encuentroinformativo.com.mx\/index.php?rest_route=\/wp\/v2\/posts"}],"about":[{"href":"https:\/\/encuentroinformativo.com.mx\/index.php?rest_route=\/wp\/v2\/types\/post"}],"author":[{"embeddable":true,"href":"https:\/\/encuentroinformativo.com.mx\/index.php?rest_route=\/wp\/v2\/users\/2476"}],"replies":[{"embeddable":true,"href":"https:\/\/encuentroinformativo.com.mx\/index.php?rest_route=%2Fwp%2Fv2%2Fcomments&post=47217"}],"version-history":[{"count":1,"href":"https:\/\/encuentroinformativo.com.mx\/index.php?rest_route=\/wp\/v2\/posts\/47217\/revisions"}],"predecessor-version":[{"id":47219,"href":"https:\/\/encuentroinformativo.com.mx\/index.php?rest_route=\/wp\/v2\/posts\/47217\/revisions\/47219"}],"wp:featuredmedia":[{"embeddable":true,"href":"https:\/\/encuentroinformativo.com.mx\/index.php?rest_route=\/wp\/v2\/media\/47218"}],"wp:attachment":[{"href":"https:\/\/encuentroinformativo.com.mx\/index.php?rest_route=%2Fwp%2Fv2%2Fmedia&parent=47217"}],"wp:term":[{"taxonomy":"category","embeddable":true,"href":"https:\/\/encuentroinformativo.com.mx\/index.php?rest_route=%2Fwp%2Fv2%2Fcategories&post=47217"},{"taxonomy":"post_tag","embeddable":true,"href":"https:\/\/encuentroinformativo.com.mx\/index.php?rest_route=%2Fwp%2Fv2%2Ftags&post=47217"}],"curies":[{"name":"wp","href":"https:\/\/api.w.org\/{rel}","templated":true}]}}