{"id":4722,"date":"2020-08-07T13:47:53","date_gmt":"2020-08-07T18:47:53","guid":{"rendered":"https:\/\/encuentroinformativo.com\/?p=4722"},"modified":"2020-08-07T13:48:00","modified_gmt":"2020-08-07T18:48:00","slug":"renovara-prd-dirigencia-estatal-en-veracruz","status":"publish","type":"post","link":"https:\/\/encuentroinformativo.com.mx\/?p=4722","title":{"rendered":"Renovar\u00e1 PRD dirigencia estatal en Veracruz"},"content":{"rendered":"\n<p><strong>Juan Arcos <\/strong><\/p>\n\n\n\n<p>Xalapa, Ver.- El s\u00e1bado 8 de agosto, el Partido de la Revoluci\u00f3n Democr\u00e1tica (PRD) elegir\u00e1 mediante un proceso interno a los nuevos integrantes del Comit\u00e9 Ejecutivo Estatal en Veracruz.<\/p>\n\n\n\n<p>Por primera ocasi\u00f3n, s\u00f3lo se ha postulado una \u201cplanilla de unidad\u201d para la renovaci\u00f3n de la dirigencia estatal.<\/p>\n\n\n\n<p>Dicha planilla es encabezada por Sergio Cadena Mart\u00ednez, quien ha sido dos veces alcalde de Catemaco y actualmente se desempe\u00f1a como representante del Sol Azteca ante el Organismo P\u00fablico Local Electoral (OPLE).<\/p>\n\n\n\n<p>En un mensaje, el aspirante indic\u00f3 que se trata de un proceso interno \u201cin\u00e9dito\u201d, toda vez que la pandemia del SARS-COV-2 (COVID-19) obliga a cuidar la salud de los 116 consejeros y consejeras, por lo que el consejo se realizar\u00e1 a trav\u00e9s de la plataforma ZOOM, donde cada uno podr\u00e1 llevar al programa y emitir su voto a favor o en contra.<\/p>\n\n\n\n<p>\u201cPor primera vez en la historia los perredistas, los l\u00edderes a lo largo y ancho del estado, nos hemos puesto de acuerdo para conformar una planilla de unidad que d\u00e9 fortaleza y certeza al trabajo que se requiere realizar, as\u00ed lo vamos a hacer\u201d.<\/p>\n\n\n\n<p>El perredista agradeci\u00f3 a las consejeras y consejeros que le han externado su respaldo y apoyo.<\/p>\n\n\n\n<p>\u201cTengan la plena seguridad de que no los voy a defraudar, vamos a estar trabajando fuertemente porque as\u00ed la sociedad lo reclama\u201d.<\/p>\n\n\n\n<p>Cabe recordar que el Sol Azteca ha venido trabajando desde hace dos a\u00f1os en una planilla de unidad, con un solo objetivo, que es lograr que el partido se pueda reposicionar en Veracruz.<\/p>\n\n\n\n<p><\/p>\n","protected":false},"excerpt":{"rendered":"<p>Juan Arcos Xalapa, Ver.- El s\u00e1bado 8 de agosto, el Partido de la Revoluci\u00f3n Democr\u00e1tica (PRD) elegir\u00e1 mediante un proceso interno a los nuevos integrantes del Comit\u00e9 Ejecutivo Estatal en Veracruz. Por primera ocasi\u00f3n, s\u00f3lo se ha postulado una \u201cplanilla de unidad\u201d para la renovaci\u00f3n de la dirigencia estatal. Dicha planilla es encabezada por Sergio [&hellip;]<\/p>\n","protected":false},"author":1,"featured_media":4723,"comment_status":"open","ping_status":"open","sticky":false,"template":"","format":"standard","meta":{"_jetpack_memberships_contains_paid_content":false,"footnotes":""},"categories":[2],"tags":[],"class_list":["post-4722","post","type-post","status-publish","format-standard","has-post-thumbnail","hentry","category-estado"],"jetpack_featured_media_url":"https:\/\/encuentroinformativo.com.mx\/wp-content\/uploads\/2020\/08\/081692A3-0491-43DF-B0DD-1E85D2DBB558.jpeg","jetpack_sharing_enabled":true,"jetpack_likes_enabled":true,"amp_enabled":true,"_links":{"self":[{"href":"https:\/\/encuentroinformativo.com.mx\/index.php?rest_route=\/wp\/v2\/posts\/4722","targetHints":{"allow":["GET"]}}],"collection":[{"href":"https:\/\/encuentroinformativo.com.mx\/index.php?rest_route=\/wp\/v2\/posts"}],"about":[{"href":"https:\/\/encuentroinformativo.com.mx\/index.php?rest_route=\/wp\/v2\/types\/post"}],"author":[{"embeddable":true,"href":"https:\/\/encuentroinformativo.com.mx\/index.php?rest_route=\/wp\/v2\/users\/1"}],"replies":[{"embeddable":true,"href":"https:\/\/encuentroinformativo.com.mx\/index.php?rest_route=%2Fwp%2Fv2%2Fcomments&post=4722"}],"version-history":[{"count":1,"href":"https:\/\/encuentroinformativo.com.mx\/index.php?rest_route=\/wp\/v2\/posts\/4722\/revisions"}],"predecessor-version":[{"id":4724,"href":"https:\/\/encuentroinformativo.com.mx\/index.php?rest_route=\/wp\/v2\/posts\/4722\/revisions\/4724"}],"wp:featuredmedia":[{"embeddable":true,"href":"https:\/\/encuentroinformativo.com.mx\/index.php?rest_route=\/wp\/v2\/media\/4723"}],"wp:attachment":[{"href":"https:\/\/encuentroinformativo.com.mx\/index.php?rest_route=%2Fwp%2Fv2%2Fmedia&parent=4722"}],"wp:term":[{"taxonomy":"category","embeddable":true,"href":"https:\/\/encuentroinformativo.com.mx\/index.php?rest_route=%2Fwp%2Fv2%2Fcategories&post=4722"},{"taxonomy":"post_tag","embeddable":true,"href":"https:\/\/encuentroinformativo.com.mx\/index.php?rest_route=%2Fwp%2Fv2%2Ftags&post=4722"}],"curies":[{"name":"wp","href":"https:\/\/api.w.org\/{rel}","templated":true}]}}