{"id":47226,"date":"2023-11-06T17:07:01","date_gmt":"2023-11-06T23:07:01","guid":{"rendered":"https:\/\/encuentroinformativo.com.mx\/?p=47226"},"modified":"2023-11-06T17:07:02","modified_gmt":"2023-11-06T23:07:02","slug":"fam-sin-definir-candidato-segun-hector-yunes","status":"publish","type":"post","link":"https:\/\/encuentroinformativo.com.mx\/?p=47226","title":{"rendered":"FAM sin definir candidato, seg\u00fan H\u00e9ctor Yunes"},"content":{"rendered":"\n<p><strong>Dar\u00edo Pale<\/strong><\/p>\n\n\n\n<p>Xalapa, Ver.- Dice que tiene una mayor oportunidad de ser el candidato del PRI a la gubernatura frente al diputado federal Jos\u00e9 Francisco Yunes Zorrilla, as\u00ed lo se\u00f1al\u00f3 el aspirante a la gubernatura de Veracruz, H\u00e9ctor Yunes Landa.<\/p>\n\n\n\n<p>Hay que recordar que el dirigente del PAN a nivel nacional, Marko Cort\u00e9s, dio a conocer que las dirigencias del Frente tomaron la decisi\u00f3n de que en los estados de Yucat\u00e1n, Puebla, Veracruz y CDMX, se postular\u00edan candidaturas de hombres, pero en el caso de Veracruz, el Tricolor ser\u00e1 el que postule al candidato.\u00a0<\/p>\n\n\n\n<p>Dijo que tanto \u00e9l como Pepe Yunes ya se pusieron de acuerdo porque as\u00ed se los pidi\u00f3 su dirigente nacional, Alejandro Moreno, toda vez que eran dos figuras que estaba valorando.\u00a0<\/p>\n\n\n\n<p>En ese sentido, H\u00e9ctor Yunes refiri\u00f3 que deben medir la competitividad entre \u00e9l y Pepe Yunes a trav\u00e9s de encuestas serias, imparciales, que presenten los resultados a los aspirantes y al presidente del PRI nacional.\u00a0<\/p>\n\n\n\n<p>\u201c\u00bfEn qu\u00e9 competencias hemos estado quienes aspiramos al cargo de candidato a gobernador, en d\u00f3nde hemos competido, qu\u00e9 votaciones hemos tenido? Eso se debe considerar\u201d, se\u00f1al\u00f3.<\/p>\n\n\n\n<p>Asimismo, coment\u00f3 que debido a que el tiempo de la campa\u00f1a disminuy\u00f3 de 90 a 60 d\u00edas, los 30 d\u00edas restantes se cubren con tiempos en redes sociales, es ah\u00ed donde presume tener el primer lugar.\u00a0<\/p>\n\n\n\n<p>\u201cLa mejor manera son las redes sociales y, en ese sentido, llevo el primer lugar en redes sociales y de n\u00famero de visualizaciones en n\u00fameros de videos que he sacado\u201d, coment\u00f3.<\/p>\n\n\n\n<p>Rechaz\u00f3 que ahora las elecciones se ganen gracias a las redes sociales, pero consider\u00f3 que son de una influencia extraordinaria, ya que la falta de trabajo de los aspirantes en el territorio se cubre por \u201caire\u201d.\u00a0<\/p>\n\n\n\n<p>Tras las expresiones del aspirante de Morena, Manuel Huerta, en el sentido de que juntos H\u00e9ctor, Miguel y Pepe Yunes no le aguantan ni de sparring, respondi\u00f3 que no le responder\u00eda nada, pero tiene muchos elementos para pegarle duro y en la nuca.\u00a0<\/p>\n\n\n\n<p>Finalmente dio a conocer, \u201cyo s\u00e9 como pegarle duro y en la nuca, pero prefiero ser respetuoso de un personaje de la pol\u00edtica de la izquierda que ha sido congruente con su ideolog\u00eda. Yo no le pienso pegar a Manuel, nada m\u00e1s que valore no agredirnos a quienes tenemos mucho que cuestionarle\u201d.<\/p>\n","protected":false},"excerpt":{"rendered":"<p>Dar\u00edo Pale Xalapa, Ver.- Dice que tiene una mayor oportunidad de ser el candidato del PRI a la gubernatura frente al diputado federal Jos\u00e9 Francisco Yunes Zorrilla, as\u00ed lo se\u00f1al\u00f3 el aspirante a la gubernatura de Veracruz, H\u00e9ctor Yunes Landa. Hay que recordar que el dirigente del PAN a nivel nacional, Marko Cort\u00e9s, dio a [&hellip;]<\/p>\n","protected":false},"author":2476,"featured_media":47227,"comment_status":"open","ping_status":"open","sticky":false,"template":"","format":"standard","meta":{"_jetpack_memberships_contains_paid_content":false,"footnotes":""},"categories":[2],"tags":[],"class_list":["post-47226","post","type-post","status-publish","format-standard","has-post-thumbnail","hentry","category-estado"],"jetpack_featured_media_url":"https:\/\/encuentroinformativo.com.mx\/wp-content\/uploads\/2023\/11\/IMG-20231106-WA0116.jpg","jetpack_sharing_enabled":true,"jetpack_likes_enabled":true,"amp_enabled":true,"_links":{"self":[{"href":"https:\/\/encuentroinformativo.com.mx\/index.php?rest_route=\/wp\/v2\/posts\/47226","targetHints":{"allow":["GET"]}}],"collection":[{"href":"https:\/\/encuentroinformativo.com.mx\/index.php?rest_route=\/wp\/v2\/posts"}],"about":[{"href":"https:\/\/encuentroinformativo.com.mx\/index.php?rest_route=\/wp\/v2\/types\/post"}],"author":[{"embeddable":true,"href":"https:\/\/encuentroinformativo.com.mx\/index.php?rest_route=\/wp\/v2\/users\/2476"}],"replies":[{"embeddable":true,"href":"https:\/\/encuentroinformativo.com.mx\/index.php?rest_route=%2Fwp%2Fv2%2Fcomments&post=47226"}],"version-history":[{"count":1,"href":"https:\/\/encuentroinformativo.com.mx\/index.php?rest_route=\/wp\/v2\/posts\/47226\/revisions"}],"predecessor-version":[{"id":47228,"href":"https:\/\/encuentroinformativo.com.mx\/index.php?rest_route=\/wp\/v2\/posts\/47226\/revisions\/47228"}],"wp:featuredmedia":[{"embeddable":true,"href":"https:\/\/encuentroinformativo.com.mx\/index.php?rest_route=\/wp\/v2\/media\/47227"}],"wp:attachment":[{"href":"https:\/\/encuentroinformativo.com.mx\/index.php?rest_route=%2Fwp%2Fv2%2Fmedia&parent=47226"}],"wp:term":[{"taxonomy":"category","embeddable":true,"href":"https:\/\/encuentroinformativo.com.mx\/index.php?rest_route=%2Fwp%2Fv2%2Fcategories&post=47226"},{"taxonomy":"post_tag","embeddable":true,"href":"https:\/\/encuentroinformativo.com.mx\/index.php?rest_route=%2Fwp%2Fv2%2Ftags&post=47226"}],"curies":[{"name":"wp","href":"https:\/\/api.w.org\/{rel}","templated":true}]}}