{"id":47229,"date":"2023-11-06T18:18:55","date_gmt":"2023-11-07T00:18:55","guid":{"rendered":"https:\/\/encuentroinformativo.com.mx\/?p=47229"},"modified":"2023-11-06T18:18:56","modified_gmt":"2023-11-07T00:18:56","slug":"para-fin-de-mes-agendarian-reunion-entre-colectivos-y-gobernador","status":"publish","type":"post","link":"https:\/\/encuentroinformativo.com.mx\/?p=47229","title":{"rendered":"Para fin de mes, agendar\u00edan reuni\u00f3n entre colectivos y gobernador"},"content":{"rendered":"\n<p><strong>Juan Arcos<\/strong><\/p>\n\n\n\n<p>Xalapa, Ver.- Ser\u00e1 el pr\u00f3ximo 24 de noviembre cuando el gobernador Cuitl\u00e1huac Garc\u00eda Jim\u00e9nez se re\u00fana con familiares de desaparecidos, tras la protesta y la toma del Palacio de Gobierno este lunes 6 de noviembre.<\/p>\n\n\n\n<p>As\u00ed lo dio a conocer el encargado de despacho de la Subsecretar\u00eda de Gobierno, Yair Ademar Dom\u00ednguez V\u00e1zquez, quien a\u00f1adi\u00f3 que se respetar\u00e1 el derecho a la manifestaci\u00f3n de los integrantes de colectivos de b\u00fasqueda.<\/p>\n\n\n\n<p>\u201cSon 30 colectivos que tenemos manifest\u00e1ndose en Xalapa, nosotros hicimos la propuesta y la invitaci\u00f3n de que nos ayudar\u00e1n a liberar la calle, para tener un libre tr\u00e1nsito y no colapsar la zona centro de la ciudad, ellos est\u00e1n en una negativa\u201d, expres\u00f3.<\/p>\n\n\n\n<p>El funcionario estatal indic\u00f3 que el mandatario estatal se localiza en el estado de Oaxaca, donde se reuni\u00f3 con autoridades de la entidad vecina para tratar temas relacionados con la seguridad.<\/p>\n\n\n\n<p>Sin embargo, enfatiz\u00f3 que se le notificar\u00e1 la postura de los familiares de desaparecidos, quienes se niegan a reunirse con otros funcionarios estatales sin la presencia de Garc\u00eda Jim\u00e9nez.<\/p>\n\n\n\n<p>\u201cSer\u00e1 decisi\u00f3n de los representantes de los colectivos que acepten la reuni\u00f3n con el gobernador\u201d, a\u00f1adi\u00f3 el encargado de despacho de la Subsecretar\u00eda de Gobierno.<\/p>\n\n\n\n<p>Los 30 colectivos de b\u00fasqueda que se sumaron a la protesta de este lunes amagaron con cerrar las entradas y salidas de la ciudad de Xalapa para garantizar que los reciba el Gobernador.<\/p>\n\n\n\n<p>Al respecto, Dom\u00ednguez V\u00e1zquez enfatiz\u00f3 que se dialogar\u00e1 con los manifestantes para evitar da\u00f1os a terceros en la capital veracruzana y que se evitar\u00e1 la presencia policiaca en el centro de la ciudad para respetar su derecho a la libertad de expresi\u00f3n.<\/p>\n","protected":false},"excerpt":{"rendered":"<p>Juan Arcos Xalapa, Ver.- Ser\u00e1 el pr\u00f3ximo 24 de noviembre cuando el gobernador Cuitl\u00e1huac Garc\u00eda Jim\u00e9nez se re\u00fana con familiares de desaparecidos, tras la protesta y la toma del Palacio de Gobierno este lunes 6 de noviembre. As\u00ed lo dio a conocer el encargado de despacho de la Subsecretar\u00eda de Gobierno, Yair Ademar Dom\u00ednguez V\u00e1zquez, [&hellip;]<\/p>\n","protected":false},"author":2476,"featured_media":47230,"comment_status":"open","ping_status":"open","sticky":false,"template":"","format":"standard","meta":{"_jetpack_memberships_contains_paid_content":false,"footnotes":""},"categories":[2],"tags":[],"class_list":["post-47229","post","type-post","status-publish","format-standard","has-post-thumbnail","hentry","category-estado"],"jetpack_featured_media_url":"https:\/\/encuentroinformativo.com.mx\/wp-content\/uploads\/2023\/11\/IMG-20231106-WA0093.jpg","jetpack_sharing_enabled":true,"jetpack_likes_enabled":true,"amp_enabled":true,"_links":{"self":[{"href":"https:\/\/encuentroinformativo.com.mx\/index.php?rest_route=\/wp\/v2\/posts\/47229","targetHints":{"allow":["GET"]}}],"collection":[{"href":"https:\/\/encuentroinformativo.com.mx\/index.php?rest_route=\/wp\/v2\/posts"}],"about":[{"href":"https:\/\/encuentroinformativo.com.mx\/index.php?rest_route=\/wp\/v2\/types\/post"}],"author":[{"embeddable":true,"href":"https:\/\/encuentroinformativo.com.mx\/index.php?rest_route=\/wp\/v2\/users\/2476"}],"replies":[{"embeddable":true,"href":"https:\/\/encuentroinformativo.com.mx\/index.php?rest_route=%2Fwp%2Fv2%2Fcomments&post=47229"}],"version-history":[{"count":1,"href":"https:\/\/encuentroinformativo.com.mx\/index.php?rest_route=\/wp\/v2\/posts\/47229\/revisions"}],"predecessor-version":[{"id":47231,"href":"https:\/\/encuentroinformativo.com.mx\/index.php?rest_route=\/wp\/v2\/posts\/47229\/revisions\/47231"}],"wp:featuredmedia":[{"embeddable":true,"href":"https:\/\/encuentroinformativo.com.mx\/index.php?rest_route=\/wp\/v2\/media\/47230"}],"wp:attachment":[{"href":"https:\/\/encuentroinformativo.com.mx\/index.php?rest_route=%2Fwp%2Fv2%2Fmedia&parent=47229"}],"wp:term":[{"taxonomy":"category","embeddable":true,"href":"https:\/\/encuentroinformativo.com.mx\/index.php?rest_route=%2Fwp%2Fv2%2Fcategories&post=47229"},{"taxonomy":"post_tag","embeddable":true,"href":"https:\/\/encuentroinformativo.com.mx\/index.php?rest_route=%2Fwp%2Fv2%2Ftags&post=47229"}],"curies":[{"name":"wp","href":"https:\/\/api.w.org\/{rel}","templated":true}]}}