{"id":47245,"date":"2023-11-07T13:16:56","date_gmt":"2023-11-07T19:16:56","guid":{"rendered":"https:\/\/encuentroinformativo.com.mx\/?p=47245"},"modified":"2023-11-07T13:16:57","modified_gmt":"2023-11-07T19:16:57","slug":"amagan-colectivos-con-bloquear-entradas-y-salidas-de-xalapa","status":"publish","type":"post","link":"https:\/\/encuentroinformativo.com.mx\/?p=47245","title":{"rendered":"Amagan colectivos con bloquear entradas y salidas de Xalapa"},"content":{"rendered":"\n<p><strong>Juan Arcos <\/strong><\/p>\n\n\n\n<p>Xalapa, Ver.- Familiares de desaparecidos acamparon en en el centro de la ciudad de Xalapa y tomaron la Torre de la Secretar\u00eda de Seguridad P\u00fablica (SSP), como medida de presi\u00f3n a las autoridades para que atiendan las deficiencias que existen en las investigaciones y la b\u00fasqueda de sus seres queridos.<\/p>\n\n\n\n<p>Por segundo d\u00eda consecutivo, los inconformes mantienen la toma del Palacio de Gobierno y de las calles del primer cuadro de la ciudad capital.<\/p>\n\n\n\n<p>Adem\u00e1s,\u00a0amagaron con bloquear las entradas y salidas de la ciudad de Xalapa.\u00a0<\/p>\n\n\n\n<p>Contin\u00faan cerradas las vialidades Juan de la Luz Enr\u00edquez, Ignacio Zaragoza, Francisco Javier Clavijero, Felipe Carrillo Puerto, Primo Verdad, Revoluci\u00f3n, as\u00ed como una parte de Guti\u00e9rrez Zamora, Xalape\u00f1os Ilustres y Doctor Rafael Lucio.<br>Los integrantes de 30 colectivos de b\u00fasqueda, de las distintas regiones del estado, indicaron que no est\u00e1n pidiendo dinero, como lo aseguran autoridades estatales, sino que las instituciones hagan su trabajo para la localizaci\u00f3n de sus seres.<\/p>\n\n\n\n<p>De acuerdo con Fabiola Pensado Barrera, quien busca a su hijo Argenis Yosimar Pensado Barrera, desaparecido desde el 16 de marzo de 2014 en Xalapa, los colectivos van a permanecer en la protesta hasta que sean atendidos por el gobernador Cuitl\u00e1huac Garc\u00eda Jim\u00e9nez.<\/p>\n\n\n\n<p>Mencion\u00f3 que el gobierno dio a conocer cifras sobre el presupuesto que se ha ejercido para las b\u00fasquedas y la atenci\u00f3n a v\u00edctimas; sin embargo, no revel\u00f3 las cifras de desaparecidos.<\/p>\n\n\n\n<p>Recordaron que Veracruz es uno de los estados con m\u00e1s casos de desaparecidos y fosas clandestinas localizadas en distintos municipios.<\/p>\n\n\n\n<p>Los manifestantes, en su mayor\u00eda mujeres y madres de desparecidos, indicaron que incrementar\u00e1n sus acciones para exigir que se agilicen las investigaciones por parte de la Fiscal\u00eda General del Estado (FGR), la identificaci\u00f3n de restos humanos hallados en cementerios clandestinos y que haya m\u00e1s personal en las instituciones.<\/p>\n","protected":false},"excerpt":{"rendered":"<p>Juan Arcos Xalapa, Ver.- Familiares de desaparecidos acamparon en en el centro de la ciudad de Xalapa y tomaron la Torre de la Secretar\u00eda de Seguridad P\u00fablica (SSP), como medida de presi\u00f3n a las autoridades para que atiendan las deficiencias que existen en las investigaciones y la b\u00fasqueda de sus seres queridos. Por segundo d\u00eda [&hellip;]<\/p>\n","protected":false},"author":2476,"featured_media":47246,"comment_status":"open","ping_status":"open","sticky":false,"template":"","format":"standard","meta":{"_jetpack_memberships_contains_paid_content":false,"footnotes":""},"categories":[3],"tags":[],"class_list":["post-47245","post","type-post","status-publish","format-standard","has-post-thumbnail","hentry","category-xalapa"],"jetpack_featured_media_url":"https:\/\/encuentroinformativo.com.mx\/wp-content\/uploads\/2023\/11\/IMG_0292.jpg","jetpack_sharing_enabled":true,"jetpack_likes_enabled":true,"amp_enabled":true,"_links":{"self":[{"href":"https:\/\/encuentroinformativo.com.mx\/index.php?rest_route=\/wp\/v2\/posts\/47245","targetHints":{"allow":["GET"]}}],"collection":[{"href":"https:\/\/encuentroinformativo.com.mx\/index.php?rest_route=\/wp\/v2\/posts"}],"about":[{"href":"https:\/\/encuentroinformativo.com.mx\/index.php?rest_route=\/wp\/v2\/types\/post"}],"author":[{"embeddable":true,"href":"https:\/\/encuentroinformativo.com.mx\/index.php?rest_route=\/wp\/v2\/users\/2476"}],"replies":[{"embeddable":true,"href":"https:\/\/encuentroinformativo.com.mx\/index.php?rest_route=%2Fwp%2Fv2%2Fcomments&post=47245"}],"version-history":[{"count":1,"href":"https:\/\/encuentroinformativo.com.mx\/index.php?rest_route=\/wp\/v2\/posts\/47245\/revisions"}],"predecessor-version":[{"id":47247,"href":"https:\/\/encuentroinformativo.com.mx\/index.php?rest_route=\/wp\/v2\/posts\/47245\/revisions\/47247"}],"wp:featuredmedia":[{"embeddable":true,"href":"https:\/\/encuentroinformativo.com.mx\/index.php?rest_route=\/wp\/v2\/media\/47246"}],"wp:attachment":[{"href":"https:\/\/encuentroinformativo.com.mx\/index.php?rest_route=%2Fwp%2Fv2%2Fmedia&parent=47245"}],"wp:term":[{"taxonomy":"category","embeddable":true,"href":"https:\/\/encuentroinformativo.com.mx\/index.php?rest_route=%2Fwp%2Fv2%2Fcategories&post=47245"},{"taxonomy":"post_tag","embeddable":true,"href":"https:\/\/encuentroinformativo.com.mx\/index.php?rest_route=%2Fwp%2Fv2%2Ftags&post=47245"}],"curies":[{"name":"wp","href":"https:\/\/api.w.org\/{rel}","templated":true}]}}