{"id":47261,"date":"2023-11-07T14:54:45","date_gmt":"2023-11-07T20:54:45","guid":{"rendered":"https:\/\/encuentroinformativo.com.mx\/?p=47261"},"modified":"2023-11-07T14:54:46","modified_gmt":"2023-11-07T20:54:46","slug":"acusan-motociclistas-presunto-abuso-policial","status":"publish","type":"post","link":"https:\/\/encuentroinformativo.com.mx\/?p=47261","title":{"rendered":"Acusan motociclistas presunto abuso policial"},"content":{"rendered":"\n<p><strong>Juan Arcos<\/strong><\/p>\n\n\n\n<p>Xalapa, Ver.- Elementos de la Polic\u00eda Estatal y de la Polic\u00eda Municipal de Xalapa detuvieron, golpearon y encarcelaron por seis horas a una pareja que conduc\u00eda por calles del centro de la capital, durante el fin de semana.<\/p>\n\n\n\n<p>En la relator\u00eda de hechos, las v\u00edctimas cuentan que dos polic\u00edas estatales motorizados les ordenaron de forma agresiva orillarse por pasarse presuntamente el sem\u00e1foro en rojo, argumento que es inv\u00e1lido pues indican que avanzaron en verde y que esta facultad s\u00f3lo le compete a la Polic\u00eda Vial o Direcci\u00f3n General de Tr\u00e1nsito y Seguridad Vial.<\/p>\n\n\n\n<p>Al existir tanta presi\u00f3n, se orillaron justo afuera de la cochera de Palacio de Gobierno, donde comenz\u00f3 la agresi\u00f3n f\u00edsica y verbal de los polic\u00edas motorizados que llamaron a una patrulla estatal, con n\u00famero 003.<\/p>\n\n\n\n<p>Despu\u00e9s de decirles que los detienen por ir ebrios y no por pasarse el alto del sem\u00e1foro, subieron a la pareja a la fuerza a la patrulla, les propinaron golpes en la cabeza y presi\u00f3n en el brazo derecho de la mujer, quien a\u00fan muestra las lesiones en forma de moretones.<\/p>\n\n\n\n<p>\u201cEs un terror ir en la patrulla porque no sabes a d\u00f3nde te van llevar. No les importa si te sientes mal, yo me sent\u00ed mal, me dio un ataque de ansiedad porque nos detuvieron injustamente porque no hicimos nada\u201d, cont\u00f3 la mujer.<\/p>\n\n\n\n<p>La agredida dijo que al llegar a los separos del cuartel San Jos\u00e9 le hicieron la prueba del alcohol\u00edmetro, no le dijeron el resultado y la doctora que los revis\u00f3 no anot\u00f3 en su reporte los golpes que recibieron, mismos que eran visibles.<br>Ambos estuvieron detenidos desde la una de la madrugada hasta las 6 de la ma\u00f1ana del domingo, en celdas separadas con olores nauseabundos.<\/p>\n\n\n\n<p>En cuanto al coche que conduc\u00edan la madrugada del domingo y que fue detenido a unos pasos de la cochera del gobernador de Veracruz, Cuitl\u00e1huac Garc\u00eda Jim\u00e9nez, se los entregaron despu\u00e9s de pagar 3 mil 500 pesos por estar en un corral\u00f3n.<\/p>\n\n\n\n<p>\u201cLes dije que violentaron mis garant\u00edas individuales porque no hicimos nada y nos detuvieron. No quiero que se quede as\u00ed, obviamente voy a poner una denuncia por las lesiones que tengo\u201d, agreg\u00f3.<\/p>\n","protected":false},"excerpt":{"rendered":"<p>Juan Arcos Xalapa, Ver.- Elementos de la Polic\u00eda Estatal y de la Polic\u00eda Municipal de Xalapa detuvieron, golpearon y encarcelaron por seis horas a una pareja que conduc\u00eda por calles del centro de la capital, durante el fin de semana. En la relator\u00eda de hechos, las v\u00edctimas cuentan que dos polic\u00edas estatales motorizados les ordenaron [&hellip;]<\/p>\n","protected":false},"author":2476,"featured_media":47262,"comment_status":"open","ping_status":"open","sticky":false,"template":"","format":"standard","meta":{"_jetpack_memberships_contains_paid_content":false,"footnotes":""},"categories":[14],"tags":[],"class_list":["post-47261","post","type-post","status-publish","format-standard","has-post-thumbnail","hentry","category-policiaca"],"jetpack_featured_media_url":"https:\/\/encuentroinformativo.com.mx\/wp-content\/uploads\/2023\/11\/ef54af90-2e9b-4555-9944-56b38b149912.jpg","jetpack_sharing_enabled":true,"jetpack_likes_enabled":true,"amp_enabled":true,"_links":{"self":[{"href":"https:\/\/encuentroinformativo.com.mx\/index.php?rest_route=\/wp\/v2\/posts\/47261","targetHints":{"allow":["GET"]}}],"collection":[{"href":"https:\/\/encuentroinformativo.com.mx\/index.php?rest_route=\/wp\/v2\/posts"}],"about":[{"href":"https:\/\/encuentroinformativo.com.mx\/index.php?rest_route=\/wp\/v2\/types\/post"}],"author":[{"embeddable":true,"href":"https:\/\/encuentroinformativo.com.mx\/index.php?rest_route=\/wp\/v2\/users\/2476"}],"replies":[{"embeddable":true,"href":"https:\/\/encuentroinformativo.com.mx\/index.php?rest_route=%2Fwp%2Fv2%2Fcomments&post=47261"}],"version-history":[{"count":1,"href":"https:\/\/encuentroinformativo.com.mx\/index.php?rest_route=\/wp\/v2\/posts\/47261\/revisions"}],"predecessor-version":[{"id":47263,"href":"https:\/\/encuentroinformativo.com.mx\/index.php?rest_route=\/wp\/v2\/posts\/47261\/revisions\/47263"}],"wp:featuredmedia":[{"embeddable":true,"href":"https:\/\/encuentroinformativo.com.mx\/index.php?rest_route=\/wp\/v2\/media\/47262"}],"wp:attachment":[{"href":"https:\/\/encuentroinformativo.com.mx\/index.php?rest_route=%2Fwp%2Fv2%2Fmedia&parent=47261"}],"wp:term":[{"taxonomy":"category","embeddable":true,"href":"https:\/\/encuentroinformativo.com.mx\/index.php?rest_route=%2Fwp%2Fv2%2Fcategories&post=47261"},{"taxonomy":"post_tag","embeddable":true,"href":"https:\/\/encuentroinformativo.com.mx\/index.php?rest_route=%2Fwp%2Fv2%2Ftags&post=47261"}],"curies":[{"name":"wp","href":"https:\/\/api.w.org\/{rel}","templated":true}]}}