{"id":47272,"date":"2023-11-07T16:27:05","date_gmt":"2023-11-07T22:27:05","guid":{"rendered":"https:\/\/encuentroinformativo.com.mx\/?p=47272"},"modified":"2023-11-07T16:27:05","modified_gmt":"2023-11-07T22:27:05","slug":"cierran-colectivos-la-xalapa-veracruz-reclaman-audiencia","status":"publish","type":"post","link":"https:\/\/encuentroinformativo.com.mx\/?p=47272","title":{"rendered":"Cierran colectivos la Xalapa &#8211; Veracruz; reclaman audiencia"},"content":{"rendered":"\n<p><strong>Dar\u00edo Pale <\/strong><\/p>\n\n\n\n<p>Xalapa, Ver.- Los integrantes de los colectivos de b\u00fasqueda de personas desaparecidas cumplen su promesa y cierran la carretera Xalapa -Veracruz el primero de estos es frente a Plaza Am\u00e9ricas con direcci\u00f3n a Xalapa esto debido a la falta de atenci\u00f3n por parte del gobernador Cuitl\u00e1huac Garc\u00eda Jim\u00e9nez.<\/p>\n\n\n\n<p>Tal y como ya lo ven\u00edan anunciando la tarde de este martes, los integrantes de los diversos colectivos cumplieron su promesa y cerraron uno de los accesos a Xalapa.<\/p>\n\n\n\n<p>Poco antes de las 15:30 horas cerraron la carretera Xalapa-Veracruz a la altura de Plaza Am\u00e9ricas, con direcci\u00f3n a esta ciudad ante la inconformidad por la falta de di\u00e1logo con el gobernador Cuitl\u00e1huac Garc\u00eda Jim\u00e9nez quien no los ha atendido.<\/p>\n\n\n\n<p>Por la ma\u00f1ana las madres de los colectivos lamentaron la indiferencia del Ejecutivo y dijeron que era una burla que hubiera preferido irse a un evento al WTC de Boca del R\u00edo que reunirse con las madres, padres, hijos de los colectivos.<\/p>\n\n\n\n<figure class=\"wp-block-image size-large\"><img loading=\"lazy\" decoding=\"async\" width=\"1024\" height=\"576\" src=\"https:\/\/encuentroinformativo.com.mx\/wp-content\/uploads\/2023\/11\/IMG-20231107-WA0106-1024x576.jpg\" alt=\"\" class=\"wp-image-47274\" srcset=\"https:\/\/encuentroinformativo.com.mx\/wp-content\/uploads\/2023\/11\/IMG-20231107-WA0106-1024x576.jpg 1024w, https:\/\/encuentroinformativo.com.mx\/wp-content\/uploads\/2023\/11\/IMG-20231107-WA0106-300x169.jpg 300w, https:\/\/encuentroinformativo.com.mx\/wp-content\/uploads\/2023\/11\/IMG-20231107-WA0106-768x432.jpg 768w, https:\/\/encuentroinformativo.com.mx\/wp-content\/uploads\/2023\/11\/IMG-20231107-WA0106-1536x864.jpg 1536w, https:\/\/encuentroinformativo.com.mx\/wp-content\/uploads\/2023\/11\/IMG-20231107-WA0106.jpg 1599w\" sizes=\"auto, (max-width: 1024px) 100vw, 1024px\" \/><\/figure>\n","protected":false},"excerpt":{"rendered":"<p>Dar\u00edo Pale Xalapa, Ver.- Los integrantes de los colectivos de b\u00fasqueda de personas desaparecidas cumplen su promesa y cierran la carretera Xalapa -Veracruz el primero de estos es frente a Plaza Am\u00e9ricas con direcci\u00f3n a Xalapa esto debido a la falta de atenci\u00f3n por parte del gobernador Cuitl\u00e1huac Garc\u00eda Jim\u00e9nez. Tal y como ya lo [&hellip;]<\/p>\n","protected":false},"author":2476,"featured_media":47273,"comment_status":"open","ping_status":"open","sticky":false,"template":"","format":"standard","meta":{"_jetpack_memberships_contains_paid_content":false,"footnotes":""},"categories":[3],"tags":[],"class_list":["post-47272","post","type-post","status-publish","format-standard","has-post-thumbnail","hentry","category-xalapa"],"jetpack_featured_media_url":"https:\/\/encuentroinformativo.com.mx\/wp-content\/uploads\/2023\/11\/IMG-20231107-WA0107.jpg","jetpack_sharing_enabled":true,"jetpack_likes_enabled":true,"amp_enabled":true,"_links":{"self":[{"href":"https:\/\/encuentroinformativo.com.mx\/index.php?rest_route=\/wp\/v2\/posts\/47272","targetHints":{"allow":["GET"]}}],"collection":[{"href":"https:\/\/encuentroinformativo.com.mx\/index.php?rest_route=\/wp\/v2\/posts"}],"about":[{"href":"https:\/\/encuentroinformativo.com.mx\/index.php?rest_route=\/wp\/v2\/types\/post"}],"author":[{"embeddable":true,"href":"https:\/\/encuentroinformativo.com.mx\/index.php?rest_route=\/wp\/v2\/users\/2476"}],"replies":[{"embeddable":true,"href":"https:\/\/encuentroinformativo.com.mx\/index.php?rest_route=%2Fwp%2Fv2%2Fcomments&post=47272"}],"version-history":[{"count":1,"href":"https:\/\/encuentroinformativo.com.mx\/index.php?rest_route=\/wp\/v2\/posts\/47272\/revisions"}],"predecessor-version":[{"id":47275,"href":"https:\/\/encuentroinformativo.com.mx\/index.php?rest_route=\/wp\/v2\/posts\/47272\/revisions\/47275"}],"wp:featuredmedia":[{"embeddable":true,"href":"https:\/\/encuentroinformativo.com.mx\/index.php?rest_route=\/wp\/v2\/media\/47273"}],"wp:attachment":[{"href":"https:\/\/encuentroinformativo.com.mx\/index.php?rest_route=%2Fwp%2Fv2%2Fmedia&parent=47272"}],"wp:term":[{"taxonomy":"category","embeddable":true,"href":"https:\/\/encuentroinformativo.com.mx\/index.php?rest_route=%2Fwp%2Fv2%2Fcategories&post=47272"},{"taxonomy":"post_tag","embeddable":true,"href":"https:\/\/encuentroinformativo.com.mx\/index.php?rest_route=%2Fwp%2Fv2%2Ftags&post=47272"}],"curies":[{"name":"wp","href":"https:\/\/api.w.org\/{rel}","templated":true}]}}