{"id":47276,"date":"2023-11-07T18:02:55","date_gmt":"2023-11-08T00:02:55","guid":{"rendered":"https:\/\/encuentroinformativo.com.mx\/?p=47276"},"modified":"2023-11-07T18:02:56","modified_gmt":"2023-11-08T00:02:56","slug":"liberan-colectivos-calles-de-xalapa","status":"publish","type":"post","link":"https:\/\/encuentroinformativo.com.mx\/?p=47276","title":{"rendered":"Liberan colectivos calles de Xalapa"},"content":{"rendered":"\n<p><strong>Dar\u00edo Pale <\/strong><\/p>\n\n\n\n<p>Xalapa, Ver.- Victoria Delgadillo Romero del colectivo Familiares Enlace Xalapa, dio al conocer que se retiran los bloqueos de las calles ya que el gobernador Cuitl\u00e1huac Garc\u00eda Jim\u00e9nez acepto reunirse con ellas el pr\u00f3ximo jueves 9 de noviembre a las 19:00 horas.<\/p>\n\n\n\n<p>Se\u00f1al\u00f3 que llegaron al acuerdo de que las van a recibir el pr\u00f3ximo jueves 9 de noviembre a las 19:00 horas el gobernador junto con todas las instituciones que tienen que ver con los desaparecidos como la fiscal\u00eda, comisi\u00f3n de b\u00fasqueda, periciales entre otros.<\/p>\n\n\n\n<p>Lograron que las reciba porque el les hab\u00eda dado una reuni\u00f3n hasta el 24 de noviembre y no la aceptaron hoy les dijo que ser\u00e1 el jueves a las 7 de la noche, donde asistir\u00e1n dos representantes de los 32 colectivos a la reuni\u00f3n, esto representa un gran logro para ellos.<\/p>\n\n\n\n<p>Coment\u00f3 que realizar\u00e1n una marcha ya que fue un logro para ellos, mucha ciudadan\u00eda los va a entender el motivo por el cual cerraron las calles, pero no fu por afectar a a nadie simplemente es que entiendan que como familiares de un desaparecido estaban pisoteando sus derechos.<\/p>\n\n\n\n<p>Se\u00f1al\u00f3 que ya no aceptar\u00e1n eso, muchos habr\u00e1n pensado que son mujeres y no lograr\u00edan sus objetivos, pero una madre por un hijo son capaces de muchas cosas ya que un hijo duele, por lo que ah\u00ed est\u00e1n presentes las madres buscadoras y luchadoras por sus hijo y familiares desaparecidos.<\/p>\n\n\n\n<p>Por \u00faltimo cabe se\u00f1alar que para celebrar el triunfo realizaron una marcha alrededor del primer cuadro para posteriormente abrir la circulaci\u00f3n y retirarse del centro de la capital del estado.<\/p>\n","protected":false},"excerpt":{"rendered":"<p>Dar\u00edo Pale Xalapa, Ver.- Victoria Delgadillo Romero del colectivo Familiares Enlace Xalapa, dio al conocer que se retiran los bloqueos de las calles ya que el gobernador Cuitl\u00e1huac Garc\u00eda Jim\u00e9nez acepto reunirse con ellas el pr\u00f3ximo jueves 9 de noviembre a las 19:00 horas. Se\u00f1al\u00f3 que llegaron al acuerdo de que las van a recibir [&hellip;]<\/p>\n","protected":false},"author":2476,"featured_media":47277,"comment_status":"open","ping_status":"open","sticky":false,"template":"","format":"standard","meta":{"_jetpack_memberships_contains_paid_content":false,"footnotes":""},"categories":[3],"tags":[],"class_list":["post-47276","post","type-post","status-publish","format-standard","has-post-thumbnail","hentry","category-xalapa"],"jetpack_featured_media_url":"https:\/\/encuentroinformativo.com.mx\/wp-content\/uploads\/2023\/11\/IMG-20231107-WA0119.jpg","jetpack_sharing_enabled":true,"jetpack_likes_enabled":true,"amp_enabled":true,"_links":{"self":[{"href":"https:\/\/encuentroinformativo.com.mx\/index.php?rest_route=\/wp\/v2\/posts\/47276","targetHints":{"allow":["GET"]}}],"collection":[{"href":"https:\/\/encuentroinformativo.com.mx\/index.php?rest_route=\/wp\/v2\/posts"}],"about":[{"href":"https:\/\/encuentroinformativo.com.mx\/index.php?rest_route=\/wp\/v2\/types\/post"}],"author":[{"embeddable":true,"href":"https:\/\/encuentroinformativo.com.mx\/index.php?rest_route=\/wp\/v2\/users\/2476"}],"replies":[{"embeddable":true,"href":"https:\/\/encuentroinformativo.com.mx\/index.php?rest_route=%2Fwp%2Fv2%2Fcomments&post=47276"}],"version-history":[{"count":1,"href":"https:\/\/encuentroinformativo.com.mx\/index.php?rest_route=\/wp\/v2\/posts\/47276\/revisions"}],"predecessor-version":[{"id":47278,"href":"https:\/\/encuentroinformativo.com.mx\/index.php?rest_route=\/wp\/v2\/posts\/47276\/revisions\/47278"}],"wp:featuredmedia":[{"embeddable":true,"href":"https:\/\/encuentroinformativo.com.mx\/index.php?rest_route=\/wp\/v2\/media\/47277"}],"wp:attachment":[{"href":"https:\/\/encuentroinformativo.com.mx\/index.php?rest_route=%2Fwp%2Fv2%2Fmedia&parent=47276"}],"wp:term":[{"taxonomy":"category","embeddable":true,"href":"https:\/\/encuentroinformativo.com.mx\/index.php?rest_route=%2Fwp%2Fv2%2Fcategories&post=47276"},{"taxonomy":"post_tag","embeddable":true,"href":"https:\/\/encuentroinformativo.com.mx\/index.php?rest_route=%2Fwp%2Fv2%2Ftags&post=47276"}],"curies":[{"name":"wp","href":"https:\/\/api.w.org\/{rel}","templated":true}]}}