{"id":47279,"date":"2023-11-07T19:28:48","date_gmt":"2023-11-08T01:28:48","guid":{"rendered":"https:\/\/encuentroinformativo.com.mx\/?p=47279"},"modified":"2023-11-07T19:28:49","modified_gmt":"2023-11-08T01:28:49","slug":"bloqueos-de-manifestantes-impactan-75-por-ciento-en-las-ventas-coparmex","status":"publish","type":"post","link":"https:\/\/encuentroinformativo.com.mx\/?p=47279","title":{"rendered":"Bloqueos de manifestantes impactan 75 por ciento en las ventas: COPARMEX"},"content":{"rendered":"\n<p>Xalapa, Ver.- A ra\u00edz de los dos d\u00edas que han permanecido bloqueadas las vialidades en el primer cuadro de la ciudad capital, el sector comercial ha registrado un descenso entre el 65 y 75 por ciento en sus ventas, as\u00ed lo dio a conocer el titular de la COPARMEX en Xalapa, Juan Carlos D\u00edaz.<\/p>\n\n\n\n<p>Explic\u00f3 que realiz\u00f3 un censo de empresarios agremiados y que tienen sus negocios en la zona, quienes han sido afectados por el cierre de vialidades, \u201cha habido mucha afectaci\u00f3n en estos d\u00edas, del 65 al 75 por ciento en ventas\u201d, agreg\u00f3.<\/p>\n\n\n\n<p>El empresario reconoci\u00f3 que pese a haber sido afectados los comerciantes afiliados, reconocen y se suman al dolor de las personas que han decidido bloquear en reclamo a sus peticiones.<\/p>\n\n\n\n<p>\u201cConfiamos en que existir\u00e1 un di\u00e1logo y que las autoridades los recibir\u00e1n para que sean escuchadas sus peticiones\u201d, asimismo, dijo que conf\u00eda que los manifestantes puedan moverse para que la circulaci\u00f3n pueda fluir y la afectaci\u00f3n sea menor.<\/p>\n\n\n\n<p>D\u00edaz, agreg\u00f3 que podr\u00eda darse que permitan el tr\u00e1nsito en un carril y puntualiz\u00f3 que el di\u00e1logo ser\u00e1 siempre la v\u00eda para la soluci\u00f3n de cualquier situaci\u00f3n.<\/p>\n","protected":false},"excerpt":{"rendered":"<p>Xalapa, Ver.- A ra\u00edz de los dos d\u00edas que han permanecido bloqueadas las vialidades en el primer cuadro de la ciudad capital, el sector comercial ha registrado un descenso entre el 65 y 75 por ciento en sus ventas, as\u00ed lo dio a conocer el titular de la COPARMEX en Xalapa, Juan Carlos D\u00edaz. Explic\u00f3 [&hellip;]<\/p>\n","protected":false},"author":2476,"featured_media":47280,"comment_status":"open","ping_status":"open","sticky":false,"template":"","format":"standard","meta":{"_jetpack_memberships_contains_paid_content":false,"footnotes":""},"categories":[3],"tags":[],"class_list":["post-47279","post","type-post","status-publish","format-standard","has-post-thumbnail","hentry","category-xalapa"],"jetpack_featured_media_url":"https:\/\/encuentroinformativo.com.mx\/wp-content\/uploads\/2023\/11\/IMG-20231107-WA00842.jpg","jetpack_sharing_enabled":true,"jetpack_likes_enabled":true,"amp_enabled":true,"_links":{"self":[{"href":"https:\/\/encuentroinformativo.com.mx\/index.php?rest_route=\/wp\/v2\/posts\/47279","targetHints":{"allow":["GET"]}}],"collection":[{"href":"https:\/\/encuentroinformativo.com.mx\/index.php?rest_route=\/wp\/v2\/posts"}],"about":[{"href":"https:\/\/encuentroinformativo.com.mx\/index.php?rest_route=\/wp\/v2\/types\/post"}],"author":[{"embeddable":true,"href":"https:\/\/encuentroinformativo.com.mx\/index.php?rest_route=\/wp\/v2\/users\/2476"}],"replies":[{"embeddable":true,"href":"https:\/\/encuentroinformativo.com.mx\/index.php?rest_route=%2Fwp%2Fv2%2Fcomments&post=47279"}],"version-history":[{"count":1,"href":"https:\/\/encuentroinformativo.com.mx\/index.php?rest_route=\/wp\/v2\/posts\/47279\/revisions"}],"predecessor-version":[{"id":47281,"href":"https:\/\/encuentroinformativo.com.mx\/index.php?rest_route=\/wp\/v2\/posts\/47279\/revisions\/47281"}],"wp:featuredmedia":[{"embeddable":true,"href":"https:\/\/encuentroinformativo.com.mx\/index.php?rest_route=\/wp\/v2\/media\/47280"}],"wp:attachment":[{"href":"https:\/\/encuentroinformativo.com.mx\/index.php?rest_route=%2Fwp%2Fv2%2Fmedia&parent=47279"}],"wp:term":[{"taxonomy":"category","embeddable":true,"href":"https:\/\/encuentroinformativo.com.mx\/index.php?rest_route=%2Fwp%2Fv2%2Fcategories&post=47279"},{"taxonomy":"post_tag","embeddable":true,"href":"https:\/\/encuentroinformativo.com.mx\/index.php?rest_route=%2Fwp%2Fv2%2Ftags&post=47279"}],"curies":[{"name":"wp","href":"https:\/\/api.w.org\/{rel}","templated":true}]}}