{"id":4728,"date":"2020-08-07T15:13:10","date_gmt":"2020-08-07T20:13:10","guid":{"rendered":"https:\/\/encuentroinformativo.com\/?p=4728"},"modified":"2020-08-07T15:13:12","modified_gmt":"2020-08-07T20:13:12","slug":"cancelan-fiesta-patronal-en-jilotepec","status":"publish","type":"post","link":"https:\/\/encuentroinformativo.com.mx\/?p=4728","title":{"rendered":"Cancelan fiesta patronal en Jilotepec"},"content":{"rendered":"\n<p><strong>Juan Arcos <\/strong><\/p>\n\n\n\n<p>Xalapa, Ver.- El ayuntamiento de Jilotepec cancel\u00f3 la fiesta patronal en honor a la Virgen de la Asunci\u00f3n por la pandemia del SARS-COV-2 (COVID-19).<\/p>\n\n\n\n<p>Las autoridades municipales decidieron suspender todas las celebraciones religiosas, as\u00ed como tambi\u00e9n, los eventos art\u00edsticos y culturales, programados del 10 al 20 de agosto.<\/p>\n\n\n\n<p>De acuerdo con la directora de Protecci\u00f3n Civil en Jilotepec, Abigail Mungu\u00eda, solo algunas actividades cat\u00f3licas ser\u00e1n trasmitidas a trav\u00e9s de redes sociales, para reducir las aglomeraciones de personas y evitar contagios.<\/p>\n\n\n\n<p>En ese sentido, detall\u00f3 que no se permitir\u00e1 la instalaci\u00f3n de ning\u00fan tipo de comercio en las calles de la cabecera municipal y se prohibi\u00f3 la quema de todo tipo de pirotecnia.<\/p>\n\n\n\n<p>A\u00f1adi\u00f3 que ser\u00e1n aplicadas sanciones a quienes no acaten las medidas sanitarias, establecidas por el ayuntamiento y el Concejo de Salud Municipal.<\/p>\n\n\n\n<p>\u201cNo se va a realizar ninguna actividad por parte del ayuntamiento. Juegos, puestos, nada, se decidi\u00f3 que se cancelara todo\u201d.<\/p>\n\n\n\n<p>La funcionaria municipal indic\u00f3 que se instalar\u00e1n filtros en los accesos, para evitar la llegada de personas for\u00e1neas al poblado.\u00a0<br>Tampoco se permitir\u00e1 que haya bailes, fiestas y aglomeraciones de m\u00e1s de 15 personas en las viviendas.<\/p>\n\n\n\n<p>Las autoridades municipales realizar\u00e1n operativos para evitar la venta de bebidas embriagantes y garantizar el uso obligatorio del cubrebocas.<\/p>\n\n\n\n<p>Hasta el momento, se reportan 21 casos positivos de COVID-19 y cuatro defunciones en Jilotepec.<\/p>\n\n\n\n<p>Este municipio se encuentra a diez kil\u00f3metros de Xalapa, la capital de Veracruz, y colinda con Banderilla, Naolinco, Rafael Lucio y Tlacolulan.<\/p>\n\n\n\n<p>Cabe recordar que las fiestas patronales han sido canceladas tambi\u00e9n en otros municipios, como Xico; sin embargo, los pobladores no han acatado las recomendaciones sanitarias, lo que ha originado un repunte en los contagios.<\/p>\n\n\n\n<p><\/p>\n","protected":false},"excerpt":{"rendered":"<p>Juan Arcos Xalapa, Ver.- El ayuntamiento de Jilotepec cancel\u00f3 la fiesta patronal en honor a la Virgen de la Asunci\u00f3n por la pandemia del SARS-COV-2 (COVID-19). Las autoridades municipales decidieron suspender todas las celebraciones religiosas, as\u00ed como tambi\u00e9n, los eventos art\u00edsticos y culturales, programados del 10 al 20 de agosto. De acuerdo con la directora [&hellip;]<\/p>\n","protected":false},"author":1,"featured_media":4729,"comment_status":"open","ping_status":"open","sticky":false,"template":"","format":"standard","meta":{"_jetpack_memberships_contains_paid_content":false,"footnotes":""},"categories":[8],"tags":[],"class_list":["post-4728","post","type-post","status-publish","format-standard","has-post-thumbnail","hentry","category-region"],"jetpack_featured_media_url":"https:\/\/encuentroinformativo.com.mx\/wp-content\/uploads\/2020\/08\/1E4AB0E7-87A7-4EED-A7FA-B604FE905B6D.jpeg","jetpack_sharing_enabled":true,"jetpack_likes_enabled":true,"amp_enabled":true,"_links":{"self":[{"href":"https:\/\/encuentroinformativo.com.mx\/index.php?rest_route=\/wp\/v2\/posts\/4728","targetHints":{"allow":["GET"]}}],"collection":[{"href":"https:\/\/encuentroinformativo.com.mx\/index.php?rest_route=\/wp\/v2\/posts"}],"about":[{"href":"https:\/\/encuentroinformativo.com.mx\/index.php?rest_route=\/wp\/v2\/types\/post"}],"author":[{"embeddable":true,"href":"https:\/\/encuentroinformativo.com.mx\/index.php?rest_route=\/wp\/v2\/users\/1"}],"replies":[{"embeddable":true,"href":"https:\/\/encuentroinformativo.com.mx\/index.php?rest_route=%2Fwp%2Fv2%2Fcomments&post=4728"}],"version-history":[{"count":1,"href":"https:\/\/encuentroinformativo.com.mx\/index.php?rest_route=\/wp\/v2\/posts\/4728\/revisions"}],"predecessor-version":[{"id":4730,"href":"https:\/\/encuentroinformativo.com.mx\/index.php?rest_route=\/wp\/v2\/posts\/4728\/revisions\/4730"}],"wp:featuredmedia":[{"embeddable":true,"href":"https:\/\/encuentroinformativo.com.mx\/index.php?rest_route=\/wp\/v2\/media\/4729"}],"wp:attachment":[{"href":"https:\/\/encuentroinformativo.com.mx\/index.php?rest_route=%2Fwp%2Fv2%2Fmedia&parent=4728"}],"wp:term":[{"taxonomy":"category","embeddable":true,"href":"https:\/\/encuentroinformativo.com.mx\/index.php?rest_route=%2Fwp%2Fv2%2Fcategories&post=4728"},{"taxonomy":"post_tag","embeddable":true,"href":"https:\/\/encuentroinformativo.com.mx\/index.php?rest_route=%2Fwp%2Fv2%2Ftags&post=4728"}],"curies":[{"name":"wp","href":"https:\/\/api.w.org\/{rel}","templated":true}]}}