{"id":47297,"date":"2023-11-08T13:03:04","date_gmt":"2023-11-08T19:03:04","guid":{"rendered":"https:\/\/encuentroinformativo.com.mx\/?p=47297"},"modified":"2023-11-08T13:03:05","modified_gmt":"2023-11-08T19:03:05","slug":"casos-de-personas-desaparecidas-han-aumentado-senala-diputada","status":"publish","type":"post","link":"https:\/\/encuentroinformativo.com.mx\/?p=47297","title":{"rendered":"Casos de personas desaparecidas han aumentado, se\u00f1ala Diputada"},"content":{"rendered":"\n<p><strong>Dar\u00edo Pale <\/strong><\/p>\n\n\n\n<p>Xalapa, Ver.- Durante le gobierno de Cuitl\u00e1huac Garc\u00eda Jim\u00e9nez no disminuyeron las desapariciones, por lo que debe de atender a los colectivos de los desaparecidos, as\u00ed lo dio a conocer la diputada local de Movimiento Ciudadano, Ruth Callejas Roldan.<\/p>\n\n\n\n<p>Tras el bloqueo de dos d\u00edas por parte de los integrantes de m\u00e1s de 30 colectivos de b\u00fasqueda de personas desaparecidas, la diputada local se pregunt\u00f3 por qu\u00e9 no se han logrado disminuir los \u00edndices de violencia en Veracruz ni las desapariciones. \u00a0<\/p>\n\n\n\n<p>Opin\u00f3 que si a ella le desaparecieran a un hijo o a alg\u00fan familiar, har\u00eda lo mismo que hicieron los colectivos de b\u00fasqueda de personas desaparecidas durante dos d\u00edas. \u00a0<\/p>\n\n\n\n<p>Consider\u00f3 que las instituciones que tienen que ver con el apoyo a las v\u00edctimas s\u00ed deben ser dotadas de m\u00e1s recursos econ\u00f3micos, pero tambi\u00e9n de humanismo. \u00a0<\/p>\n\n\n\n<p>\u201cPorque se topan con que no est\u00e1n, con que no los atienden y con sus propios recursos \u2013aunque hay partidas espec\u00edficas- van y dejan todo, trabajo, familia, para seguir buscando a sus hijos, esposos, esposas, amigos y yo creo que como gobierno tiene la responsabilidad de escuchar y atender\u201d, se\u00f1al\u00f3.<\/p>\n\n\n\n<p>La legisladora pregunt\u00f3 en d\u00f3nde est\u00e1n los recursos que se otorgan cuando se emiten las declaraciones de Alertas de Violencia de G\u00e9nero.\u00a0<\/p>\n\n\n\n<p>Callejas Rold\u00e1n opin\u00f3 que al Gobernador lo han mal asesorado, lo cual se demuestra en las mismas conferencias de prensa que hace, ya que revictimiza a las personas y va contra la Ley de V\u00edctimas siempre. \u00a0<\/p>\n\n\n\n<p>Refiri\u00f3 que lamentablemente tiene compa\u00f1eras docentes en los colectivos y por ello manifest\u00f3 su solidaridad y pidi\u00f3 no ser ajenos al dolor de los dem\u00e1s. \u00a0<\/p>\n\n\n\n<p>Finalmente se\u00f1al\u00f3, \u201ctenemos que involucrarnos, atender a todas y a todos. Ya se va a acabar este gobierno y yo espero que cierren tan siquiera por \u00fanica ocasi\u00f3n escuchando a todas las personas\u201d.<\/p>\n","protected":false},"excerpt":{"rendered":"<p>Dar\u00edo Pale Xalapa, Ver.- Durante le gobierno de Cuitl\u00e1huac Garc\u00eda Jim\u00e9nez no disminuyeron las desapariciones, por lo que debe de atender a los colectivos de los desaparecidos, as\u00ed lo dio a conocer la diputada local de Movimiento Ciudadano, Ruth Callejas Roldan. Tras el bloqueo de dos d\u00edas por parte de los integrantes de m\u00e1s de [&hellip;]<\/p>\n","protected":false},"author":2476,"featured_media":47298,"comment_status":"open","ping_status":"open","sticky":false,"template":"","format":"standard","meta":{"_jetpack_memberships_contains_paid_content":false,"footnotes":""},"categories":[2],"tags":[],"class_list":["post-47297","post","type-post","status-publish","format-standard","has-post-thumbnail","hentry","category-estado"],"jetpack_featured_media_url":"https:\/\/encuentroinformativo.com.mx\/wp-content\/uploads\/2023\/11\/IMG-20231108-WA0017.jpg","jetpack_sharing_enabled":true,"jetpack_likes_enabled":true,"amp_enabled":true,"_links":{"self":[{"href":"https:\/\/encuentroinformativo.com.mx\/index.php?rest_route=\/wp\/v2\/posts\/47297","targetHints":{"allow":["GET"]}}],"collection":[{"href":"https:\/\/encuentroinformativo.com.mx\/index.php?rest_route=\/wp\/v2\/posts"}],"about":[{"href":"https:\/\/encuentroinformativo.com.mx\/index.php?rest_route=\/wp\/v2\/types\/post"}],"author":[{"embeddable":true,"href":"https:\/\/encuentroinformativo.com.mx\/index.php?rest_route=\/wp\/v2\/users\/2476"}],"replies":[{"embeddable":true,"href":"https:\/\/encuentroinformativo.com.mx\/index.php?rest_route=%2Fwp%2Fv2%2Fcomments&post=47297"}],"version-history":[{"count":1,"href":"https:\/\/encuentroinformativo.com.mx\/index.php?rest_route=\/wp\/v2\/posts\/47297\/revisions"}],"predecessor-version":[{"id":47299,"href":"https:\/\/encuentroinformativo.com.mx\/index.php?rest_route=\/wp\/v2\/posts\/47297\/revisions\/47299"}],"wp:featuredmedia":[{"embeddable":true,"href":"https:\/\/encuentroinformativo.com.mx\/index.php?rest_route=\/wp\/v2\/media\/47298"}],"wp:attachment":[{"href":"https:\/\/encuentroinformativo.com.mx\/index.php?rest_route=%2Fwp%2Fv2%2Fmedia&parent=47297"}],"wp:term":[{"taxonomy":"category","embeddable":true,"href":"https:\/\/encuentroinformativo.com.mx\/index.php?rest_route=%2Fwp%2Fv2%2Fcategories&post=47297"},{"taxonomy":"post_tag","embeddable":true,"href":"https:\/\/encuentroinformativo.com.mx\/index.php?rest_route=%2Fwp%2Fv2%2Ftags&post=47297"}],"curies":[{"name":"wp","href":"https:\/\/api.w.org\/{rel}","templated":true}]}}