{"id":47300,"date":"2023-11-08T15:22:56","date_gmt":"2023-11-08T21:22:56","guid":{"rendered":"https:\/\/encuentroinformativo.com.mx\/?p=47300"},"modified":"2023-11-08T15:22:57","modified_gmt":"2023-11-08T21:22:57","slug":"invitan-a-la-feria-xalapena-del-libro","status":"publish","type":"post","link":"https:\/\/encuentroinformativo.com.mx\/?p=47300","title":{"rendered":"Invitan a la feria xalape\u00f1a del libro"},"content":{"rendered":"\n<p><strong>Dar\u00edo Pale <\/strong><\/p>\n\n\n\n<p>Xalapa, Ver.- Eligio Ram\u00edrez R\u00edos, integrante de la librer\u00eda la Rueca de Gandhi, invit\u00f3 a la ciudadan\u00eda para que asista a la &#8220;XVII Feria Xalape\u00f1a del Libro\u201d, donde participar\u00e1n m\u00e1s de 20 librer\u00edas independientes y se llevar\u00e1 a cabo del 10 al 19 de noviembre de 10:00 a 21:00 horas en el parque Benito Ju\u00e1rez.<\/p>\n\n\n\n<p>En conferencia de prensa se\u00f1al\u00f3 que en el marco de la celebraci\u00f3n del D\u00eda Internacional del Libro que es el 12 de noviembre los Libreros Independientes de Xalapa, dieron a conocer \u201cLa XVII Feria Xalape\u00f1a del Libro\u201d.<\/p>\n\n\n\n<p>Detall\u00f3 que este programa cultural busca lograr una interacci\u00f3n entre artistas, promotores de la lectura, creadores e investigadores, libreros y lectores, en un foro abierto al p\u00fablico.<\/p>\n\n\n\n<p>Explic\u00f3 que esta edici\u00f3n estar\u00e1 dedicada a la Literatura Veracruzana, pues dijo que es una expresi\u00f3n viva y fundamental de la experiencia lectora.<\/p>\n\n\n\n<p>\u201cEs parte importante de nuestra identidad como personas que vivimos en esta ciudad, desde la cual se irradian vivencias y procesos culturales que van a leer a un Salvador D\u00edaz Mir\u00f3n (sentado en una banca del parque de Los Berros), estudiar a conciencia la poes\u00eda de Jos\u00e9 Luis Rivas (en un aula universitaria), las letras veracruzanas nos ata\u00f1en porque forman parte de nuestras ocupaciones y disfrutes intelectuales\u201d, se\u00f1al\u00f3.<\/p>\n\n\n\n<p>Ram\u00edrez R\u00edos, coment\u00f3 que algunos autores y autoras con lo que siempre se cuenta es Mar\u00eda Enriqueta Camarillo, Lorenzo Turrent Rozas, Cayetano Rodr\u00edguez Beltr\u00e1n, Francisco Sarqu\u00eds, Juan Manuel Torres, Sergio Pitol, entre muchos m\u00e1s.<\/p>\n\n\n\n<p>Destac\u00f3 que durante la feria se contar\u00e1 con la participaci\u00f3n de m\u00e1s de 20 librer\u00edas independientes como: Aleph, Artencuadernaci\u00f3n, Atenahiz Librer\u00eda de ocasi\u00f3n, Baricco, Culturales Ju\u00e1rez, Gald\u00f3s, Rueca de Gandhi, Luna Educaci\u00f3n, entre otras.<\/p>\n\n\n\n<p>Record\u00f3 que tambi\u00e9n se sumar\u00e1n otras instituciones como la Universidad Veracruzana, a trav\u00e9s de la Direcci\u00f3n General de Difusi\u00f3n Cultura; as\u00ed como Ayuntamiento de Xalapa mediante las Direcciones de Educaci\u00f3n, Cultura y Desarrollo Econ\u00f3mico.<\/p>\n\n\n\n<p>Finalmente reconocieron que se increment\u00f3 el precio de los libros en un 20 por ciento esto debido a que el precio del papel subi\u00f3 lo que ocasion\u00f3 este aumento a los precios desde el a\u00f1o pasado y contin\u00faa en aumento pero hay la opci\u00f3n de los libros de segunda mano.<\/p>\n","protected":false},"excerpt":{"rendered":"<p>Dar\u00edo Pale Xalapa, Ver.- Eligio Ram\u00edrez R\u00edos, integrante de la librer\u00eda la Rueca de Gandhi, invit\u00f3 a la ciudadan\u00eda para que asista a la &#8220;XVII Feria Xalape\u00f1a del Libro\u201d, donde participar\u00e1n m\u00e1s de 20 librer\u00edas independientes y se llevar\u00e1 a cabo del 10 al 19 de noviembre de 10:00 a 21:00 horas en el parque [&hellip;]<\/p>\n","protected":false},"author":2476,"featured_media":47301,"comment_status":"open","ping_status":"open","sticky":false,"template":"","format":"standard","meta":{"_jetpack_memberships_contains_paid_content":false,"footnotes":""},"categories":[3],"tags":[],"class_list":["post-47300","post","type-post","status-publish","format-standard","has-post-thumbnail","hentry","category-xalapa"],"jetpack_featured_media_url":"https:\/\/encuentroinformativo.com.mx\/wp-content\/uploads\/2023\/11\/IMG-20231108-WA0059.jpg","jetpack_sharing_enabled":true,"jetpack_likes_enabled":true,"amp_enabled":true,"_links":{"self":[{"href":"https:\/\/encuentroinformativo.com.mx\/index.php?rest_route=\/wp\/v2\/posts\/47300","targetHints":{"allow":["GET"]}}],"collection":[{"href":"https:\/\/encuentroinformativo.com.mx\/index.php?rest_route=\/wp\/v2\/posts"}],"about":[{"href":"https:\/\/encuentroinformativo.com.mx\/index.php?rest_route=\/wp\/v2\/types\/post"}],"author":[{"embeddable":true,"href":"https:\/\/encuentroinformativo.com.mx\/index.php?rest_route=\/wp\/v2\/users\/2476"}],"replies":[{"embeddable":true,"href":"https:\/\/encuentroinformativo.com.mx\/index.php?rest_route=%2Fwp%2Fv2%2Fcomments&post=47300"}],"version-history":[{"count":1,"href":"https:\/\/encuentroinformativo.com.mx\/index.php?rest_route=\/wp\/v2\/posts\/47300\/revisions"}],"predecessor-version":[{"id":47302,"href":"https:\/\/encuentroinformativo.com.mx\/index.php?rest_route=\/wp\/v2\/posts\/47300\/revisions\/47302"}],"wp:featuredmedia":[{"embeddable":true,"href":"https:\/\/encuentroinformativo.com.mx\/index.php?rest_route=\/wp\/v2\/media\/47301"}],"wp:attachment":[{"href":"https:\/\/encuentroinformativo.com.mx\/index.php?rest_route=%2Fwp%2Fv2%2Fmedia&parent=47300"}],"wp:term":[{"taxonomy":"category","embeddable":true,"href":"https:\/\/encuentroinformativo.com.mx\/index.php?rest_route=%2Fwp%2Fv2%2Fcategories&post=47300"},{"taxonomy":"post_tag","embeddable":true,"href":"https:\/\/encuentroinformativo.com.mx\/index.php?rest_route=%2Fwp%2Fv2%2Ftags&post=47300"}],"curies":[{"name":"wp","href":"https:\/\/api.w.org\/{rel}","templated":true}]}}