{"id":47303,"date":"2023-11-08T15:27:04","date_gmt":"2023-11-08T21:27:04","guid":{"rendered":"https:\/\/encuentroinformativo.com.mx\/?p=47303"},"modified":"2023-11-08T15:27:05","modified_gmt":"2023-11-08T21:27:05","slug":"organizan-cafetaleros-protesta-para-la-mananera","status":"publish","type":"post","link":"https:\/\/encuentroinformativo.com.mx\/?p=47303","title":{"rendered":"Organizan cafetaleros protesta para &#8220;la ma\u00f1anera&#8221;"},"content":{"rendered":"\n<p><strong>Juan Arcos <\/strong><\/p>\n\n\n\n<p>Xalapa, Ver.- Cafetaleros de Veracruz se organizan para viajar a la Ciudad de M\u00e9xico y manifestarse durante la conferencia \u201cma\u00f1anera\u201d del presidente Andr\u00e9s Manuel L\u00f3pez Obrador en Palacio Nacional.<\/p>\n\n\n\n<p>As\u00ed lo dio a conocer el asesor general de la Coordinadora Nacional de Organizaciones Cafetaleras (CNOC), Fernando Celis Callejas, quien a\u00f1adi\u00f3 que los gobiernos contin\u00faan favoreciendo a las empresas transnacionales que desplazan a los peque\u00f1os productores.<\/p>\n\n\n\n<p>El l\u00edder cafetalero enfatiz\u00f3 que tambi\u00e9n la ca\u00edda de precios afecta considerablemente al sector productivo y, por ello, se requieren acciones urgentes por parte del gobierno federal y estatal.<br>Sin embargo, mencion\u00f3 que no han logrado acuerdos con las autoridades de la Secretar\u00eda de Agricultura y Desarrollo Rural (Sader).<\/p>\n\n\n\n<p>Incluso, Celis Callejas consider\u00f3 que los cafetaleros de Veracruz est\u00e1n siendo ignorados por la dependencia federal y, por este motivo, planean manifestarse en Palacio Nacional, en pr\u00f3ximos d\u00edas.Record\u00f3 que las empresas transnacionales, como Nestl\u00e9, contin\u00faan acaparando el mercado cafetalero.<\/p>\n\n\n\n<p>\u201cEl caf\u00e9 es muy apreciado, tiene valor, lo que no tiene es precio, pero ese mismo caf\u00e9 que te vend\u00edan en pergamino a 4 mil 200 pesos, ahora te dan 2 mil pesos, parece cuesti\u00f3n de mafia\u201d.<\/p>\n\n\n\n<p>Fernando Celis enfatiz\u00f3 que el precio del caf\u00e9 no debe cotizarse con base en la bolsa; sin embargo, las compa\u00f1\u00edas no quieren cambiar el criterio y el gobierno \u201cparece estar desaparecido\u201d.<\/p>\n\n\n\n<p>Cabe recordar que los cafetaleros protestaron el pasado lunes 6 de noviembre frente al Palacio de Gobierno, donde exigieron el pago de una compensaci\u00f3n por la ca\u00edda de los precios del caf\u00e9.<\/p>\n","protected":false},"excerpt":{"rendered":"<p>Juan Arcos Xalapa, Ver.- Cafetaleros de Veracruz se organizan para viajar a la Ciudad de M\u00e9xico y manifestarse durante la conferencia \u201cma\u00f1anera\u201d del presidente Andr\u00e9s Manuel L\u00f3pez Obrador en Palacio Nacional. As\u00ed lo dio a conocer el asesor general de la Coordinadora Nacional de Organizaciones Cafetaleras (CNOC), Fernando Celis Callejas, quien a\u00f1adi\u00f3 que los gobiernos [&hellip;]<\/p>\n","protected":false},"author":2476,"featured_media":47304,"comment_status":"open","ping_status":"open","sticky":false,"template":"","format":"standard","meta":{"_jetpack_memberships_contains_paid_content":false,"footnotes":""},"categories":[8],"tags":[],"class_list":["post-47303","post","type-post","status-publish","format-standard","has-post-thumbnail","hentry","category-region"],"jetpack_featured_media_url":"https:\/\/encuentroinformativo.com.mx\/wp-content\/uploads\/2023\/11\/IMG_0200.jpg","jetpack_sharing_enabled":true,"jetpack_likes_enabled":true,"amp_enabled":true,"_links":{"self":[{"href":"https:\/\/encuentroinformativo.com.mx\/index.php?rest_route=\/wp\/v2\/posts\/47303","targetHints":{"allow":["GET"]}}],"collection":[{"href":"https:\/\/encuentroinformativo.com.mx\/index.php?rest_route=\/wp\/v2\/posts"}],"about":[{"href":"https:\/\/encuentroinformativo.com.mx\/index.php?rest_route=\/wp\/v2\/types\/post"}],"author":[{"embeddable":true,"href":"https:\/\/encuentroinformativo.com.mx\/index.php?rest_route=\/wp\/v2\/users\/2476"}],"replies":[{"embeddable":true,"href":"https:\/\/encuentroinformativo.com.mx\/index.php?rest_route=%2Fwp%2Fv2%2Fcomments&post=47303"}],"version-history":[{"count":1,"href":"https:\/\/encuentroinformativo.com.mx\/index.php?rest_route=\/wp\/v2\/posts\/47303\/revisions"}],"predecessor-version":[{"id":47305,"href":"https:\/\/encuentroinformativo.com.mx\/index.php?rest_route=\/wp\/v2\/posts\/47303\/revisions\/47305"}],"wp:featuredmedia":[{"embeddable":true,"href":"https:\/\/encuentroinformativo.com.mx\/index.php?rest_route=\/wp\/v2\/media\/47304"}],"wp:attachment":[{"href":"https:\/\/encuentroinformativo.com.mx\/index.php?rest_route=%2Fwp%2Fv2%2Fmedia&parent=47303"}],"wp:term":[{"taxonomy":"category","embeddable":true,"href":"https:\/\/encuentroinformativo.com.mx\/index.php?rest_route=%2Fwp%2Fv2%2Fcategories&post=47303"},{"taxonomy":"post_tag","embeddable":true,"href":"https:\/\/encuentroinformativo.com.mx\/index.php?rest_route=%2Fwp%2Fv2%2Ftags&post=47303"}],"curies":[{"name":"wp","href":"https:\/\/api.w.org\/{rel}","templated":true}]}}