{"id":47309,"date":"2023-11-08T15:54:09","date_gmt":"2023-11-08T21:54:09","guid":{"rendered":"https:\/\/encuentroinformativo.com.mx\/?p=47309"},"modified":"2023-11-08T15:54:10","modified_gmt":"2023-11-08T21:54:10","slug":"personas-con-discapacidad-solicitan-espacios-en-consejos-distritales-del-ople","status":"publish","type":"post","link":"https:\/\/encuentroinformativo.com.mx\/?p=47309","title":{"rendered":"Personas con discapacidad, solicitan espacios en consejos distritales del OPLE"},"content":{"rendered":"\n<p><strong>Dar\u00edo Pale <\/strong><\/p>\n\n\n\n<p>Xalapa, Ver.- El contador p\u00fablico Jos\u00e9 Arturo Acosta Hern\u00e1ndez director ejecutivo de la Asociaci\u00f3n Veracruzana de Discapacitados Productivos, A. C. e integrante de la Comisi\u00f3n Estatal de las Personas con Discapacidad de Veracruz, dio a conocer que est\u00e1n exigiendo 46 espacios para que personas con discapacidad formen parte de los Consejos Distritales del OPLE.<\/p>\n\n\n\n<p>En conferencia de prensa se\u00f1al\u00f3 que el d\u00eda 6 de noviembre de este a\u00f1o, present\u00f3 ante el consejo general del OPLE un oficio de petici\u00f3n de acciones afirmativas en favor de las personas con discapacidad en la integraci\u00f3n de los Consejos Distritales, pr\u00f3ximos a instalarse con motivo del Proceso Electoral Local Ordinario 2023 \u2013 2024.<\/p>\n\n\n\n<p>Para lo anterior solicito una medida que garantice que al menos 46 personas con alguna discapacidad integren los Consejos de referencia.<\/p>\n\n\n\n<p>Coment\u00f3 que existe, por ejemplo, una sentencia de la Sala Superior del Tribunal Electoral del Poder Judicial de la Federaci\u00f3n donde se argumenta que trat\u00e1ndose de personas con discapacidad interesadas en desempe\u00f1arse como integrante del CGINE o en los \u00f3rganos de direcciones de cualquiera de los organismos p\u00fablicos electorales locales, se garantiza su derecho ciudadano de acceso a empleos o cargos p\u00fablicos.<\/p>\n\n\n\n<p>Por lo que justamente, a partir de garantizar su participaci\u00f3n en el respectivo procedimiento en igualdad de condiciones con el resto de los interesados, as\u00ed como de que no ser\u00e1 objeto de discriminaci\u00f3n, justamente, por tal condici\u00f3n de discapacidad.\u00a0<\/p>\n\n\n\n<p>Cabe recordar que las acciones afirmativas son pol\u00edticas que buscan corregir\u00a0desigualdades hist\u00f3ricas y estructurales que las personas en situaci\u00f3n de discapacidad enfrentamos d\u00eda con d\u00eda.\u00a0<\/p>\n\n\n\n<p>En el contexto de un \u00f3rgano electoral, una de estas medidas debe ser la implementaci\u00f3n de pol\u00edticas de contrataci\u00f3n que den prioridad a dicho grupo\u00a0vulnerable.\u00a0<\/p>\n\n\n\n<p>Lo anterior no s\u00f3lo significa que las personas ejercen su derecho a ser parte de una autoridad electoral, sino que tambi\u00e9n podr\u00eda diversificar la perspectiva y experiencia\u00a0dentro del \u00f3rgano electoral.<\/p>\n\n\n\n<p>De esta manera y al implementar dichas acciones, el \u00f3rgano electoral estar\u00eda\u00a0promoviendo una \u201cnivelaci\u00f3n contextual\u201d, esto no solo promover\u00eda la igualdad de condiciones, sino que tambi\u00e9n podr\u00eda mejorar la eficacia y el cumplimiento de las\u00a0atribuciones del \u00f3rgano electoral.<\/p>\n\n\n\n<p>Es importante recordar que la instauraci\u00f3n de estas medidas deben hacerse de\u00a0manera cuidadosa, pues es necesario un equilibrio entre la correcci\u00f3n de las desigualdades y el aseguramiento de que todos los individuos sean juzgados por sus m\u00e9ritos y habilidades.<\/p>\n\n\n\n<p>&#8220;Debido a lo anterior, y dem\u00e1s Leyes y Normas establecidas, nosotros en nuestra\u00a0calidad de personas con discapacidad solicitamos que se implementen acciones afirmativas que garanticen que al menos cuarenta y seis personas en situaci\u00f3n de discapacidad integren los Consejos Distritales del Organismo P\u00fablico Local Electoral de Veracruz pr\u00f3ximos a instalarse con motivo del Proceso Electoral Local Ordinario 2023 \u2013 2024&#8221;, se\u00f1al\u00f3.<\/p>\n\n\n\n<p>Dio a conocer que dicha petici\u00f3n la solicita con base en el \u00faltimo censo del INEGI realizado en el a\u00f1o 2020, en el cual se dio a conocer que de los 8,062,579 habitantes en el estado de Veracruz, 1,542,272 son personas con alguna discapacidad, teniendo como resultado, un porcentaje respecto a la poblaci\u00f3n total, de 19.13 por ciento.<\/p>\n\n\n\n<p>Finalmente se\u00f1al\u00f3 que tomando en cuenta que el n\u00famero de cargos a elegir en la conformaci\u00f3n de los Consejos Distritales es de 240 personas, es que se considera id\u00f3neo que el n\u00famero m\u00ednimo a considerar en la implementaci\u00f3n de medidas compensatorias sea de 46 personas en situaci\u00f3n de discapacidad,\u00a0<\/p>\n","protected":false},"excerpt":{"rendered":"<p>Dar\u00edo Pale Xalapa, Ver.- El contador p\u00fablico Jos\u00e9 Arturo Acosta Hern\u00e1ndez director ejecutivo de la Asociaci\u00f3n Veracruzana de Discapacitados Productivos, A. C. e integrante de la Comisi\u00f3n Estatal de las Personas con Discapacidad de Veracruz, dio a conocer que est\u00e1n exigiendo 46 espacios para que personas con discapacidad formen parte de los Consejos Distritales del [&hellip;]<\/p>\n","protected":false},"author":2476,"featured_media":47310,"comment_status":"open","ping_status":"open","sticky":false,"template":"","format":"standard","meta":{"_jetpack_memberships_contains_paid_content":false,"footnotes":""},"categories":[2],"tags":[],"class_list":["post-47309","post","type-post","status-publish","format-standard","has-post-thumbnail","hentry","category-estado"],"jetpack_featured_media_url":"https:\/\/encuentroinformativo.com.mx\/wp-content\/uploads\/2023\/11\/IMG-20231108-WA0050.jpg","jetpack_sharing_enabled":true,"jetpack_likes_enabled":true,"amp_enabled":true,"_links":{"self":[{"href":"https:\/\/encuentroinformativo.com.mx\/index.php?rest_route=\/wp\/v2\/posts\/47309","targetHints":{"allow":["GET"]}}],"collection":[{"href":"https:\/\/encuentroinformativo.com.mx\/index.php?rest_route=\/wp\/v2\/posts"}],"about":[{"href":"https:\/\/encuentroinformativo.com.mx\/index.php?rest_route=\/wp\/v2\/types\/post"}],"author":[{"embeddable":true,"href":"https:\/\/encuentroinformativo.com.mx\/index.php?rest_route=\/wp\/v2\/users\/2476"}],"replies":[{"embeddable":true,"href":"https:\/\/encuentroinformativo.com.mx\/index.php?rest_route=%2Fwp%2Fv2%2Fcomments&post=47309"}],"version-history":[{"count":1,"href":"https:\/\/encuentroinformativo.com.mx\/index.php?rest_route=\/wp\/v2\/posts\/47309\/revisions"}],"predecessor-version":[{"id":47311,"href":"https:\/\/encuentroinformativo.com.mx\/index.php?rest_route=\/wp\/v2\/posts\/47309\/revisions\/47311"}],"wp:featuredmedia":[{"embeddable":true,"href":"https:\/\/encuentroinformativo.com.mx\/index.php?rest_route=\/wp\/v2\/media\/47310"}],"wp:attachment":[{"href":"https:\/\/encuentroinformativo.com.mx\/index.php?rest_route=%2Fwp%2Fv2%2Fmedia&parent=47309"}],"wp:term":[{"taxonomy":"category","embeddable":true,"href":"https:\/\/encuentroinformativo.com.mx\/index.php?rest_route=%2Fwp%2Fv2%2Fcategories&post=47309"},{"taxonomy":"post_tag","embeddable":true,"href":"https:\/\/encuentroinformativo.com.mx\/index.php?rest_route=%2Fwp%2Fv2%2Ftags&post=47309"}],"curies":[{"name":"wp","href":"https:\/\/api.w.org\/{rel}","templated":true}]}}