{"id":47312,"date":"2023-11-08T18:03:06","date_gmt":"2023-11-09T00:03:06","guid":{"rendered":"https:\/\/encuentroinformativo.com.mx\/?p=47312"},"modified":"2023-11-08T18:03:07","modified_gmt":"2023-11-09T00:03:07","slug":"convocan-a-ciclo-de-conferencias-sobre-inteligencia-artificial","status":"publish","type":"post","link":"https:\/\/encuentroinformativo.com.mx\/?p=47312","title":{"rendered":"Convocan a ciclo de conferencias sobre Inteligencia Artificial"},"content":{"rendered":"\n<p><strong>Dar\u00edo Pale <\/strong><\/p>\n\n\n\n<p>Xalapa, Ver.- Federico Arenas, director FarolitoArte de Coatepec y Paulina Mar\u00eda L\u00f3pez Vega, coordinadora del \u00e1rea dieron a conocer el programa del ciclo de conferencias de la Inteligencia Artificial la cual se realizar\u00e1 en las instalaciones del recinto cultural independiente en la calle de Col\u00f3n n\u00famero 4 del 8 de noviembre al 3 de diciembre del a\u00f1o en curso.<\/p>\n\n\n\n<p>En dicho programa contar\u00e1n con la presencia de la Doctora Marcela Quiroz, Coordinadora del Doctorado en Inteligencia Artificial de la Universidad Veracruzana; el Doctor Sergio Hern\u00e1ndez, Coordinador de la Maestr\u00eda en Inteligencia Artificial de la Universidad Veracruzana; el Doctor Santiago Herce, investigador de reconocida trayectoria con estudios especializados en la Universidad de Oxford y la Universidad de Ginebra.\u00a0<\/p>\n\n\n\n<p>Contar\u00e1n tambi\u00e9n con la presencia del grupo Red Cortafuego; el talento del Grupo Aguamiel; Marisol Mandujano, el dueto Anell Mandujano; Cristina Sol\u00f3rzano con el proyecto, Humanos Dibujando Humanos; la fil\u00f3sofa Miren Camis\u00f3n; y el taller e inauguraci\u00f3n de AI &amp; Ceramics con la presencia de: Ad\u00e8le Davison, Christian S\u00e1nchez, Steven Pinker y Julio Sahag\u00fan S\u00e1nchez; y en su cartelera infantil se ofrecer\u00e1n los talleres: Simulaci\u00f3n de robots y electr\u00f3nica, impartido por Carmina \u00c1ngeles Bautista; Titereando con robots impartido por el Director esc\u00e9nico Cuitl\u00e1huac Pascual.<\/p>\n\n\n\n<p>Adem\u00e1s del grupo de malabares Chiriandante, y la saga de El robot completo de Isaac Asimov, contados por M\u00f3nica V\u00e1zquez y Miles Kelly. Y en la cartelera de su Cineclub, se proyectar\u00e1n las pel\u00edculas: Senderos de la Mente (Mindwalk) (EEUU, 1990), 2001 Odisea del espacio (EEUU, 1968), Blade Runer (EEUU, 1982), Ex Machina (ReinoUnido, 2014), Her EEUU, 2013), Wall-E (EEUU, 2008), I am mother (Australia, 2019) y Artificial Inteligence (EEUU, 2001).\u00a0<\/p>\n\n\n\n<p>Se\u00f1alaron que FarolitoArte es un espacio cultural dedicado a promover el arte y la cultura de Veracruz y en Veracruz, y el objetivo del recinto es contribuir al bienestar de la comunidad local poniendo a su disposici\u00f3n manifestaciones culturales y art\u00edsticas que generen nuevas perspectivas de vida e impacten favorablemente el medio ambient\u00e9.\u00a0<\/p>\n\n\n\n<p>Los costos y horarios de cada actividad pueden consultarse en las p\u00e1ginas del recinto.Para mayores informes y reservaciones comunicarse al n\u00famero WhatsApp \u202a228 284 6276\u202c y a nuestras redes, Instagram: farolitoarte\u00a0<a rel=\"noreferrer noopener\" href=\"https:\/\/www.instagram.com\/farolitoarte\/\" target=\"_blank\">https:\/\/www.instagram.com\/farolitoarte\/<\/a>, Facebook: FarolitoArte\u00a0<a rel=\"noreferrer noopener\" href=\"https:\/\/www.facebook.com\/FarolitoArteCoatepec\" target=\"_blank\">https:\/\/www.facebook.com\/FarolitoArteCoatepec<\/a>.<\/p>\n\n\n\n<p>Se\u00f1alaron que estas conferencias son para orientar a las personas sobre qu\u00e9 es la inteligencia o artificial y cu\u00e1les son sus alcances ya que desafortunadamente hay muchas ideas buenas y malas sobre este tema.<\/p>\n\n\n\n<p>Finalmente comentaron que quieren dar a entender que es la inteligencia artificial como ser humano ante un aparato como el que actualmente se est\u00e1 viendo, que poder hacer como ser humano.<\/p>\n","protected":false},"excerpt":{"rendered":"<p>Dar\u00edo Pale Xalapa, Ver.- Federico Arenas, director FarolitoArte de Coatepec y Paulina Mar\u00eda L\u00f3pez Vega, coordinadora del \u00e1rea dieron a conocer el programa del ciclo de conferencias de la Inteligencia Artificial la cual se realizar\u00e1 en las instalaciones del recinto cultural independiente en la calle de Col\u00f3n n\u00famero 4 del 8 de noviembre al 3 [&hellip;]<\/p>\n","protected":false},"author":2476,"featured_media":47313,"comment_status":"open","ping_status":"open","sticky":false,"template":"","format":"standard","meta":{"_jetpack_memberships_contains_paid_content":false,"footnotes":""},"categories":[8],"tags":[],"class_list":["post-47312","post","type-post","status-publish","format-standard","has-post-thumbnail","hentry","category-region"],"jetpack_featured_media_url":"https:\/\/encuentroinformativo.com.mx\/wp-content\/uploads\/2023\/11\/IMG-20231108-WA0071.jpg","jetpack_sharing_enabled":true,"jetpack_likes_enabled":true,"amp_enabled":true,"_links":{"self":[{"href":"https:\/\/encuentroinformativo.com.mx\/index.php?rest_route=\/wp\/v2\/posts\/47312","targetHints":{"allow":["GET"]}}],"collection":[{"href":"https:\/\/encuentroinformativo.com.mx\/index.php?rest_route=\/wp\/v2\/posts"}],"about":[{"href":"https:\/\/encuentroinformativo.com.mx\/index.php?rest_route=\/wp\/v2\/types\/post"}],"author":[{"embeddable":true,"href":"https:\/\/encuentroinformativo.com.mx\/index.php?rest_route=\/wp\/v2\/users\/2476"}],"replies":[{"embeddable":true,"href":"https:\/\/encuentroinformativo.com.mx\/index.php?rest_route=%2Fwp%2Fv2%2Fcomments&post=47312"}],"version-history":[{"count":1,"href":"https:\/\/encuentroinformativo.com.mx\/index.php?rest_route=\/wp\/v2\/posts\/47312\/revisions"}],"predecessor-version":[{"id":47314,"href":"https:\/\/encuentroinformativo.com.mx\/index.php?rest_route=\/wp\/v2\/posts\/47312\/revisions\/47314"}],"wp:featuredmedia":[{"embeddable":true,"href":"https:\/\/encuentroinformativo.com.mx\/index.php?rest_route=\/wp\/v2\/media\/47313"}],"wp:attachment":[{"href":"https:\/\/encuentroinformativo.com.mx\/index.php?rest_route=%2Fwp%2Fv2%2Fmedia&parent=47312"}],"wp:term":[{"taxonomy":"category","embeddable":true,"href":"https:\/\/encuentroinformativo.com.mx\/index.php?rest_route=%2Fwp%2Fv2%2Fcategories&post=47312"},{"taxonomy":"post_tag","embeddable":true,"href":"https:\/\/encuentroinformativo.com.mx\/index.php?rest_route=%2Fwp%2Fv2%2Ftags&post=47312"}],"curies":[{"name":"wp","href":"https:\/\/api.w.org\/{rel}","templated":true}]}}