{"id":47329,"date":"2023-11-09T14:35:23","date_gmt":"2023-11-09T20:35:23","guid":{"rendered":"https:\/\/encuentroinformativo.com.mx\/?p=47329"},"modified":"2023-11-09T14:35:25","modified_gmt":"2023-11-09T20:35:25","slug":"anuncian-construccion-de-bachillerato-en-la-laguna","status":"publish","type":"post","link":"https:\/\/encuentroinformativo.com.mx\/?p=47329","title":{"rendered":"Anuncian construcci\u00f3n de bachillerato en La Laguna"},"content":{"rendered":"\n<p><strong>Alejandro \u00c1vila<\/strong><\/p>\n\n\n\n<p>Medell\u00edn de Bravo, Ver.- El alcalde Marcos Isle\u00f1o Andrade, asegur\u00f3 que antes de que termine su administraci\u00f3n construir\u00e1 un bachillerato en la localidad de La Laguna, al tiempo que rehabilitar\u00e1 la secundaria de la zona.<\/p>\n\n\n\n<p>Hace unos d\u00edas, el presidente municipal dio el banderazo para la construcci\u00f3n del domo en la escuela primaria \u201cJos\u00e9 Mar\u00eda Morelos\u201d, en la localidad de La Laguna, cuya inversi\u00f3n ascender\u00e1 a 1.5 millones de pesos.<\/p>\n\n\n\n<p>Dicho domo de 500 metros cuadrados brindar\u00e1 un mejor aspecto y dar\u00e1 mayor seguridad al centro educativo que alberga a decenas de peque\u00f1os que cursan el nivel primaria.<\/p>\n\n\n\n<p>En la ceremonia, el presidente municipal agradeci\u00f3 a la comunidad de padres de familia y maestros su paciencia, toda vez que la obra registr\u00f3 algunos retrasos debido a la espera en la liberaci\u00f3n de acreditaciones para poder ejecutar la construcci\u00f3n.<\/p>\n\n\n\n<p>\u201cSabemos que fue un proceso largo, por lo cual quiero darles las gracias por la espera y estamos muy contentos de que hoy este proyecto sea una realidad. Es una obra que por muchos a\u00f1os fue solicitada y este d\u00eda por fin damos comienzo a su construcci\u00f3n para dotar de escuelas dignas a nuestros ni\u00f1os y ni\u00f1as\u201d, coment\u00f3.<\/p>\n\n\n\n<p>Adem\u00e1s, anunci\u00f3 que aparte del domo iniciar\u00e1 el proyecto para realizar trabajos de rehabilitaci\u00f3n en techado de salones y ba\u00f1os, reafirmando su compromiso de construir el bachillerato y la dignificaci\u00f3n de la secundaria de la localidad.&nbsp;<\/p>\n","protected":false},"excerpt":{"rendered":"<p>Alejandro \u00c1vila Medell\u00edn de Bravo, Ver.- El alcalde Marcos Isle\u00f1o Andrade, asegur\u00f3 que antes de que termine su administraci\u00f3n construir\u00e1 un bachillerato en la localidad de La Laguna, al tiempo que rehabilitar\u00e1 la secundaria de la zona. Hace unos d\u00edas, el presidente municipal dio el banderazo para la construcci\u00f3n del domo en la escuela primaria [&hellip;]<\/p>\n","protected":false},"author":2476,"featured_media":47330,"comment_status":"open","ping_status":"open","sticky":false,"template":"","format":"standard","meta":{"_jetpack_memberships_contains_paid_content":false,"footnotes":""},"categories":[2],"tags":[],"class_list":["post-47329","post","type-post","status-publish","format-standard","has-post-thumbnail","hentry","category-estado"],"jetpack_featured_media_url":"https:\/\/encuentroinformativo.com.mx\/wp-content\/uploads\/2023\/11\/IMG-20231109-WA00722.jpg","jetpack_sharing_enabled":true,"jetpack_likes_enabled":true,"amp_enabled":true,"_links":{"self":[{"href":"https:\/\/encuentroinformativo.com.mx\/index.php?rest_route=\/wp\/v2\/posts\/47329","targetHints":{"allow":["GET"]}}],"collection":[{"href":"https:\/\/encuentroinformativo.com.mx\/index.php?rest_route=\/wp\/v2\/posts"}],"about":[{"href":"https:\/\/encuentroinformativo.com.mx\/index.php?rest_route=\/wp\/v2\/types\/post"}],"author":[{"embeddable":true,"href":"https:\/\/encuentroinformativo.com.mx\/index.php?rest_route=\/wp\/v2\/users\/2476"}],"replies":[{"embeddable":true,"href":"https:\/\/encuentroinformativo.com.mx\/index.php?rest_route=%2Fwp%2Fv2%2Fcomments&post=47329"}],"version-history":[{"count":1,"href":"https:\/\/encuentroinformativo.com.mx\/index.php?rest_route=\/wp\/v2\/posts\/47329\/revisions"}],"predecessor-version":[{"id":47331,"href":"https:\/\/encuentroinformativo.com.mx\/index.php?rest_route=\/wp\/v2\/posts\/47329\/revisions\/47331"}],"wp:featuredmedia":[{"embeddable":true,"href":"https:\/\/encuentroinformativo.com.mx\/index.php?rest_route=\/wp\/v2\/media\/47330"}],"wp:attachment":[{"href":"https:\/\/encuentroinformativo.com.mx\/index.php?rest_route=%2Fwp%2Fv2%2Fmedia&parent=47329"}],"wp:term":[{"taxonomy":"category","embeddable":true,"href":"https:\/\/encuentroinformativo.com.mx\/index.php?rest_route=%2Fwp%2Fv2%2Fcategories&post=47329"},{"taxonomy":"post_tag","embeddable":true,"href":"https:\/\/encuentroinformativo.com.mx\/index.php?rest_route=%2Fwp%2Fv2%2Ftags&post=47329"}],"curies":[{"name":"wp","href":"https:\/\/api.w.org\/{rel}","templated":true}]}}