{"id":47335,"date":"2023-11-09T15:23:58","date_gmt":"2023-11-09T21:23:58","guid":{"rendered":"https:\/\/encuentroinformativo.com.mx\/?p=47335"},"modified":"2023-11-09T15:23:59","modified_gmt":"2023-11-09T21:23:59","slug":"reitera-ssp-respeto-a-ddhh","status":"publish","type":"post","link":"https:\/\/encuentroinformativo.com.mx\/?p=47335","title":{"rendered":"Reitera SSP respeto a DDHH"},"content":{"rendered":"\n<p>Xalapa, Ver.- En una ceremonia encabezada por el Gobernador Cuitl\u00e1huac Garc\u00eda Jim\u00e9nez, se inaugur\u00f3 el 4\u00ba Congreso Internacional \u201cSeguridad Ciudadana, G\u00e9nero y Derechos Humanos: Reinserci\u00f3n Social, Pol\u00edticas P\u00fablicas Internacionales y Medidas Alternativas de Privaci\u00f3n de la Libertad\u201d, en el Centro de Estudios e Investigaci\u00f3n en Seguridad.<\/p>\n\n\n\n<p>El Secretario de Seguridad P\u00fablica, Cap. Cuauht\u00e9moc Z\u00fa\u00f1iga Bonilla, y la presidenta de la Comisi\u00f3n Estatal de Derechos Humanos, Namiko Matzumoto Ben\u00edtez, celebraron la estrecha colaboraci\u00f3n entre ambas instancias, al realizar por cuarto a\u00f1o consecutivo este importante encuentro.<\/p>\n\n\n\n<p>El cual representa una oportunidad invaluable para el intercambio de conocimientos y experiencias entre expertas y expertos de Argentina, Colombia, Per\u00fa y M\u00e9xico. La estrecha colaboraci\u00f3n entre la SSP y la CEDH subraya la importancia de unir fuerzas en la promoci\u00f3n y protecci\u00f3n de los derechos fundamentales de las personas.<\/p>\n\n\n\n<p>Este proceso no solo fortalece la habilidad t\u00e9cnica del funcionariado p\u00fablico, sino que tambi\u00e9n nutre su comprensi\u00f3n y compromiso con la salvaguarda de los derechos humanos en todas sus actuaciones.<\/p>\n\n\n\n<p>En la Cuarta Transformaci\u00f3n consolidamos un servicio p\u00fablico con enfoque humanista, enfoque que contribuye a la construcci\u00f3n de una sociedad m\u00e1s justa, equitativa y respetuosa de la dignidad de cada individuo.<\/p>\n","protected":false},"excerpt":{"rendered":"<p>Xalapa, Ver.- En una ceremonia encabezada por el Gobernador Cuitl\u00e1huac Garc\u00eda Jim\u00e9nez, se inaugur\u00f3 el 4\u00ba Congreso Internacional \u201cSeguridad Ciudadana, G\u00e9nero y Derechos Humanos: Reinserci\u00f3n Social, Pol\u00edticas P\u00fablicas Internacionales y Medidas Alternativas de Privaci\u00f3n de la Libertad\u201d, en el Centro de Estudios e Investigaci\u00f3n en Seguridad. El Secretario de Seguridad P\u00fablica, Cap. Cuauht\u00e9moc Z\u00fa\u00f1iga Bonilla, [&hellip;]<\/p>\n","protected":false},"author":2476,"featured_media":47336,"comment_status":"open","ping_status":"open","sticky":false,"template":"","format":"standard","meta":{"_jetpack_memberships_contains_paid_content":false,"footnotes":""},"categories":[2],"tags":[],"class_list":["post-47335","post","type-post","status-publish","format-standard","has-post-thumbnail","hentry","category-estado"],"jetpack_featured_media_url":"https:\/\/encuentroinformativo.com.mx\/wp-content\/uploads\/2023\/11\/FB_IMG_1699561111305.jpg","jetpack_sharing_enabled":true,"jetpack_likes_enabled":true,"amp_enabled":true,"_links":{"self":[{"href":"https:\/\/encuentroinformativo.com.mx\/index.php?rest_route=\/wp\/v2\/posts\/47335","targetHints":{"allow":["GET"]}}],"collection":[{"href":"https:\/\/encuentroinformativo.com.mx\/index.php?rest_route=\/wp\/v2\/posts"}],"about":[{"href":"https:\/\/encuentroinformativo.com.mx\/index.php?rest_route=\/wp\/v2\/types\/post"}],"author":[{"embeddable":true,"href":"https:\/\/encuentroinformativo.com.mx\/index.php?rest_route=\/wp\/v2\/users\/2476"}],"replies":[{"embeddable":true,"href":"https:\/\/encuentroinformativo.com.mx\/index.php?rest_route=%2Fwp%2Fv2%2Fcomments&post=47335"}],"version-history":[{"count":1,"href":"https:\/\/encuentroinformativo.com.mx\/index.php?rest_route=\/wp\/v2\/posts\/47335\/revisions"}],"predecessor-version":[{"id":47337,"href":"https:\/\/encuentroinformativo.com.mx\/index.php?rest_route=\/wp\/v2\/posts\/47335\/revisions\/47337"}],"wp:featuredmedia":[{"embeddable":true,"href":"https:\/\/encuentroinformativo.com.mx\/index.php?rest_route=\/wp\/v2\/media\/47336"}],"wp:attachment":[{"href":"https:\/\/encuentroinformativo.com.mx\/index.php?rest_route=%2Fwp%2Fv2%2Fmedia&parent=47335"}],"wp:term":[{"taxonomy":"category","embeddable":true,"href":"https:\/\/encuentroinformativo.com.mx\/index.php?rest_route=%2Fwp%2Fv2%2Fcategories&post=47335"},{"taxonomy":"post_tag","embeddable":true,"href":"https:\/\/encuentroinformativo.com.mx\/index.php?rest_route=%2Fwp%2Fv2%2Ftags&post=47335"}],"curies":[{"name":"wp","href":"https:\/\/api.w.org\/{rel}","templated":true}]}}