{"id":47338,"date":"2023-11-09T15:31:05","date_gmt":"2023-11-09T21:31:05","guid":{"rendered":"https:\/\/encuentroinformativo.com.mx\/?p=47338"},"modified":"2023-11-09T15:31:05","modified_gmt":"2023-11-09T21:31:05","slug":"personas-privadas-de-libertad-podran-emitir-voto-en-proximas-elecciones-ine","status":"publish","type":"post","link":"https:\/\/encuentroinformativo.com.mx\/?p=47338","title":{"rendered":"Personas privadas de libertad podr\u00e1n emitir voto en pr\u00f3ximas elecciones: INE"},"content":{"rendered":"\n<p><strong>Dar\u00edo Pale <\/strong><\/p>\n\n\n\n<p>Xalapa, Ver.- Entre 4 y 5 mil personas privadas de su libertad en los Centros de Reinserci\u00f3n Social, tanto del Estado como de la Federaci\u00f3n, que no han sido sentenciados, podr\u00e1n emitir su sufragio en la jornada electoral, as\u00ed lo dio a conocer el vocal ejecutivo de la Junta Local del INE, Josu\u00e9 Cervantes Mart\u00ednez.<\/p>\n\n\n\n<p>En entrevista previa al arranque del proceso electoral local, record\u00f3 que el Tribunal Electoral del Poder Judicial Federal (TEPJF), orden\u00f3 al INE que pudieran votar aquellas personas que est\u00e1n en prisi\u00f3n preventiva.<\/p>\n\n\n\n<p>&#8220;En estos momentos, por lo que hemos platicado con Seguridad P\u00fablica, es un hecho que vamos a esa elecci\u00f3n&#8221;, se\u00f1al\u00f3.<\/p>\n\n\n\n<p>&#8220;\u00bfQu\u00e9 vamos a revisar con Seguridad P\u00fablica?: esquemas de seguridad, que los Ceresos brinden las facilidades, aspiramos que sean los 17 Centros m\u00e1s el de Villa Aldama&#8221;, agreg\u00f3.<\/p>\n\n\n\n<p>Abund\u00f3 que si en alguno de los Centros no se dieran las condiciones de seguridad por los controles internos que se tienen, tal vez ah\u00ed no se recabar\u00edan los votos.<\/p>\n\n\n\n<p>Dio a conocer que el \u00f3rgano electoral federal aprob\u00f3 los lineamientos y el modelo operativo para que puedan votar dichas personas.<\/p>\n\n\n\n<p>Indic\u00f3 que ha habido reuniones con la Secretar\u00eda de Seguridad P\u00fablica para poder instalar las urnas dentro de los penales, adem\u00e1s asegur\u00f3 que hay mucha apertura de la dependencia.<\/p>\n\n\n\n<p>&#8220;La modalidad podr\u00e1 ser, dependiendo el n\u00famero de personas que vayan a votar, si puede ser un voto uno a uno, el voto en un sobre y poderlo resguardar hasta el d\u00eda de la elecci\u00f3n, o, si son muchas personas, pudi\u00e9ramos incluso instalar una casilla&#8221;, destac\u00f3 y reiter\u00f3 que s\u00ed dar\u00e1 tiempo.<\/p>\n\n\n\n<p>El Vocal Ejecutivo est\u00e1 seguro que el OPLE s\u00ed podr\u00e1 acompa\u00f1ar el voto de las personas privadas de su libertad.<\/p>\n\n\n\n<p>Finalmente Josu\u00e9 Cervantes aclar\u00f3 que no s\u00f3lo se recabar\u00e1n los votos de los internos, sino que se les dar\u00e1 informaci\u00f3n previa como la libertad del voto, la secrec\u00eda y cu\u00e1les son las candidaturas que est\u00e1n en juego.<\/p>\n","protected":false},"excerpt":{"rendered":"<p>Dar\u00edo Pale Xalapa, Ver.- Entre 4 y 5 mil personas privadas de su libertad en los Centros de Reinserci\u00f3n Social, tanto del Estado como de la Federaci\u00f3n, que no han sido sentenciados, podr\u00e1n emitir su sufragio en la jornada electoral, as\u00ed lo dio a conocer el vocal ejecutivo de la Junta Local del INE, Josu\u00e9 [&hellip;]<\/p>\n","protected":false},"author":2476,"featured_media":47339,"comment_status":"open","ping_status":"open","sticky":false,"template":"","format":"standard","meta":{"_jetpack_memberships_contains_paid_content":false,"footnotes":""},"categories":[2],"tags":[],"class_list":["post-47338","post","type-post","status-publish","format-standard","has-post-thumbnail","hentry","category-estado"],"jetpack_featured_media_url":"https:\/\/encuentroinformativo.com.mx\/wp-content\/uploads\/2023\/11\/IMG-20231109-WA0075.jpg","jetpack_sharing_enabled":true,"jetpack_likes_enabled":true,"amp_enabled":true,"_links":{"self":[{"href":"https:\/\/encuentroinformativo.com.mx\/index.php?rest_route=\/wp\/v2\/posts\/47338","targetHints":{"allow":["GET"]}}],"collection":[{"href":"https:\/\/encuentroinformativo.com.mx\/index.php?rest_route=\/wp\/v2\/posts"}],"about":[{"href":"https:\/\/encuentroinformativo.com.mx\/index.php?rest_route=\/wp\/v2\/types\/post"}],"author":[{"embeddable":true,"href":"https:\/\/encuentroinformativo.com.mx\/index.php?rest_route=\/wp\/v2\/users\/2476"}],"replies":[{"embeddable":true,"href":"https:\/\/encuentroinformativo.com.mx\/index.php?rest_route=%2Fwp%2Fv2%2Fcomments&post=47338"}],"version-history":[{"count":1,"href":"https:\/\/encuentroinformativo.com.mx\/index.php?rest_route=\/wp\/v2\/posts\/47338\/revisions"}],"predecessor-version":[{"id":47340,"href":"https:\/\/encuentroinformativo.com.mx\/index.php?rest_route=\/wp\/v2\/posts\/47338\/revisions\/47340"}],"wp:featuredmedia":[{"embeddable":true,"href":"https:\/\/encuentroinformativo.com.mx\/index.php?rest_route=\/wp\/v2\/media\/47339"}],"wp:attachment":[{"href":"https:\/\/encuentroinformativo.com.mx\/index.php?rest_route=%2Fwp%2Fv2%2Fmedia&parent=47338"}],"wp:term":[{"taxonomy":"category","embeddable":true,"href":"https:\/\/encuentroinformativo.com.mx\/index.php?rest_route=%2Fwp%2Fv2%2Fcategories&post=47338"},{"taxonomy":"post_tag","embeddable":true,"href":"https:\/\/encuentroinformativo.com.mx\/index.php?rest_route=%2Fwp%2Fv2%2Ftags&post=47338"}],"curies":[{"name":"wp","href":"https:\/\/api.w.org\/{rel}","templated":true}]}}