{"id":4734,"date":"2020-08-07T15:57:38","date_gmt":"2020-08-07T20:57:38","guid":{"rendered":"https:\/\/encuentroinformativo.com\/?p=4734"},"modified":"2020-08-07T15:57:40","modified_gmt":"2020-08-07T20:57:40","slug":"realizaran-festival-de-papalotes-en-coatepec","status":"publish","type":"post","link":"https:\/\/encuentroinformativo.com.mx\/?p=4734","title":{"rendered":"Realizar\u00e1n festival de papalotes en Coatepec"},"content":{"rendered":"\n<p><strong>Juan Arcos<\/strong> <\/p>\n\n\n\n<p>Coatepec, Ver.- En redes sociales se invita a la poblaci\u00f3n de Coatepec a participar en el Festival de Papalotes, que se llevar\u00e1 a cabo el s\u00e1bado 8 de agosto.<\/p>\n\n\n\n<p>Se busca conservar la tradici\u00f3n durante la pandemia del SARS-COV-2 (COVID-19), sin la concentraci\u00f3n de personas para evitar contagios.<\/p>\n\n\n\n<p>El evento es organizado por Coatl-Tours Servicios Tur\u00edsticos, tambi\u00e9n con el objetivo de fomentar la convivencia familiar y el reforzamiento de la unidad entre padres e hijos, durante la contingencia sanitaria.\u00a0<br>En ese sentido, se convoca a la gente a salir a su patio o subir a sus azoteas y empinar sus palomas o papalotes.<\/p>\n\n\n\n<p>Esto se llevar\u00e1 a cabo de las 13:00 a las 16:00 horas, toda vez que las condiciones del viento son m\u00e1s favorables en ese horario.\u00a0<br>Esta actividad tambi\u00e9n busca una derrama econ\u00f3mica que beneficie a los artesanos locales.<\/p>\n\n\n\n<p>En la fanpage de Coatl-Tours Servicios Tur\u00edsticos se realizaron transmisiones en vivo, donde se observa la elaboraci\u00f3n de distintos tipos de papalotes.<\/p>\n\n\n\n<p>All\u00ed, se invita a la poblaci\u00f3n a comprar su cometa sobre la calle Melchor Ocampo n\u00famero 25, a unos metros del Palacio a Municipal.<\/p>\n\n\n\n<p>Las piezas van de los diez a los 400 pesos, dependiendo de la complejidad para su elaboraci\u00f3n.<\/p>\n\n\n\n<p>Como parte de este evento, se pide a los pobladores que tomen fotograf\u00edas y graben videos con sus celulares de sus papalotes en el cielo, para que quede constancia de la uni\u00f3n de los coatepecanos en la conservaci\u00f3n de sus tradiciones.<\/p>\n\n\n\n<p><\/p>\n","protected":false},"excerpt":{"rendered":"<p>Juan Arcos Coatepec, Ver.- En redes sociales se invita a la poblaci\u00f3n de Coatepec a participar en el Festival de Papalotes, que se llevar\u00e1 a cabo el s\u00e1bado 8 de agosto. Se busca conservar la tradici\u00f3n durante la pandemia del SARS-COV-2 (COVID-19), sin la concentraci\u00f3n de personas para evitar contagios. El evento es organizado por [&hellip;]<\/p>\n","protected":false},"author":1,"featured_media":4735,"comment_status":"open","ping_status":"open","sticky":false,"template":"","format":"standard","meta":{"_jetpack_memberships_contains_paid_content":false,"footnotes":""},"categories":[8],"tags":[],"class_list":["post-4734","post","type-post","status-publish","format-standard","has-post-thumbnail","hentry","category-region"],"jetpack_featured_media_url":"https:\/\/encuentroinformativo.com.mx\/wp-content\/uploads\/2020\/08\/33D6D478-C8EB-49E9-8B6E-EFB4DBC440CB.jpeg","jetpack_sharing_enabled":true,"jetpack_likes_enabled":true,"amp_enabled":true,"_links":{"self":[{"href":"https:\/\/encuentroinformativo.com.mx\/index.php?rest_route=\/wp\/v2\/posts\/4734","targetHints":{"allow":["GET"]}}],"collection":[{"href":"https:\/\/encuentroinformativo.com.mx\/index.php?rest_route=\/wp\/v2\/posts"}],"about":[{"href":"https:\/\/encuentroinformativo.com.mx\/index.php?rest_route=\/wp\/v2\/types\/post"}],"author":[{"embeddable":true,"href":"https:\/\/encuentroinformativo.com.mx\/index.php?rest_route=\/wp\/v2\/users\/1"}],"replies":[{"embeddable":true,"href":"https:\/\/encuentroinformativo.com.mx\/index.php?rest_route=%2Fwp%2Fv2%2Fcomments&post=4734"}],"version-history":[{"count":1,"href":"https:\/\/encuentroinformativo.com.mx\/index.php?rest_route=\/wp\/v2\/posts\/4734\/revisions"}],"predecessor-version":[{"id":4736,"href":"https:\/\/encuentroinformativo.com.mx\/index.php?rest_route=\/wp\/v2\/posts\/4734\/revisions\/4736"}],"wp:featuredmedia":[{"embeddable":true,"href":"https:\/\/encuentroinformativo.com.mx\/index.php?rest_route=\/wp\/v2\/media\/4735"}],"wp:attachment":[{"href":"https:\/\/encuentroinformativo.com.mx\/index.php?rest_route=%2Fwp%2Fv2%2Fmedia&parent=4734"}],"wp:term":[{"taxonomy":"category","embeddable":true,"href":"https:\/\/encuentroinformativo.com.mx\/index.php?rest_route=%2Fwp%2Fv2%2Fcategories&post=4734"},{"taxonomy":"post_tag","embeddable":true,"href":"https:\/\/encuentroinformativo.com.mx\/index.php?rest_route=%2Fwp%2Fv2%2Ftags&post=4734"}],"curies":[{"name":"wp","href":"https:\/\/api.w.org\/{rel}","templated":true}]}}