{"id":47341,"date":"2023-11-09T15:34:47","date_gmt":"2023-11-09T21:34:47","guid":{"rendered":"https:\/\/encuentroinformativo.com.mx\/?p=47341"},"modified":"2023-11-09T15:34:47","modified_gmt":"2023-11-09T21:34:47","slug":"activista-monserrat-diaz-buscara-candidatura-a-diputacion-por-morena","status":"publish","type":"post","link":"https:\/\/encuentroinformativo.com.mx\/?p=47341","title":{"rendered":"Activista Monserrat D\u00edaz buscar\u00e1 candidatura a diputaci\u00f3n por Morena"},"content":{"rendered":"\n<p><strong>Dar\u00edo Pale <\/strong><\/p>\n\n\n\n<p>Xalapa, Ver.- Confirma p\u00fablicamente que se inscribi\u00f3 al proceso interno de Morena para la selecci\u00f3n de candidaturas a la Diputaci\u00f3n Federal por el Distrito 10 de Xalapa, as\u00ed lo se\u00f1al\u00f3 la activista Monserrat D\u00edaz.<\/p>\n\n\n\n<p>En conferencia de prensa afirm\u00f3 que su intenci\u00f3n es construir una sociedad donde la igualdad entre hombres y mujeres sea una realidad, afirmando que desde 1980 ha puesto su empe\u00f1o en que las mujeres tengan las mismas oportunidades, en el ejercicio pleno de sus derechos.<\/p>\n\n\n\n<p>Sin embargo, lament\u00f3 que Veracruz &#8220;es como si todo lo avanzado se hubiera detenido e incluso aparentemente como si no existieran tales logros, ya garantizados por la legislaci\u00f3n&#8221;.\u00a0<\/p>\n\n\n\n<p>Critic\u00f3 que no s\u00f3lo no ha habido avance, sino que &#8220;desde mi punto de vista hemos caminado hacia atr\u00e1s en este ultimo periodo gubernamental, y los problemas se acent\u00faan, se incrementa la violencia en contra de las mujeres constat\u00e1ndose con las altas cifras de feminicidios y desapariciones&#8221;.<\/p>\n\n\n\n<p>Por \u00faltimo la feminista resalt\u00f3 que ha participado desde otras posturas ciudadanas para que todos los derechos humanos sean una realidad para todas las personas.<\/p>\n\n\n\n<p>Y se\u00f1al\u00f3 que ha impulsado pol\u00edticas p\u00fablicas para lograr la generaci\u00f3n de una legislaci\u00f3n que garantice y proteja los derechos de las mujeres.<\/p>\n","protected":false},"excerpt":{"rendered":"<p>Dar\u00edo Pale Xalapa, Ver.- Confirma p\u00fablicamente que se inscribi\u00f3 al proceso interno de Morena para la selecci\u00f3n de candidaturas a la Diputaci\u00f3n Federal por el Distrito 10 de Xalapa, as\u00ed lo se\u00f1al\u00f3 la activista Monserrat D\u00edaz. En conferencia de prensa afirm\u00f3 que su intenci\u00f3n es construir una sociedad donde la igualdad entre hombres y mujeres [&hellip;]<\/p>\n","protected":false},"author":2476,"featured_media":47342,"comment_status":"open","ping_status":"open","sticky":false,"template":"","format":"standard","meta":{"_jetpack_memberships_contains_paid_content":false,"footnotes":""},"categories":[3],"tags":[],"class_list":["post-47341","post","type-post","status-publish","format-standard","has-post-thumbnail","hentry","category-xalapa"],"jetpack_featured_media_url":"https:\/\/encuentroinformativo.com.mx\/wp-content\/uploads\/2023\/11\/IMG-20231109-WA0102.jpg","jetpack_sharing_enabled":true,"jetpack_likes_enabled":true,"amp_enabled":true,"_links":{"self":[{"href":"https:\/\/encuentroinformativo.com.mx\/index.php?rest_route=\/wp\/v2\/posts\/47341","targetHints":{"allow":["GET"]}}],"collection":[{"href":"https:\/\/encuentroinformativo.com.mx\/index.php?rest_route=\/wp\/v2\/posts"}],"about":[{"href":"https:\/\/encuentroinformativo.com.mx\/index.php?rest_route=\/wp\/v2\/types\/post"}],"author":[{"embeddable":true,"href":"https:\/\/encuentroinformativo.com.mx\/index.php?rest_route=\/wp\/v2\/users\/2476"}],"replies":[{"embeddable":true,"href":"https:\/\/encuentroinformativo.com.mx\/index.php?rest_route=%2Fwp%2Fv2%2Fcomments&post=47341"}],"version-history":[{"count":1,"href":"https:\/\/encuentroinformativo.com.mx\/index.php?rest_route=\/wp\/v2\/posts\/47341\/revisions"}],"predecessor-version":[{"id":47343,"href":"https:\/\/encuentroinformativo.com.mx\/index.php?rest_route=\/wp\/v2\/posts\/47341\/revisions\/47343"}],"wp:featuredmedia":[{"embeddable":true,"href":"https:\/\/encuentroinformativo.com.mx\/index.php?rest_route=\/wp\/v2\/media\/47342"}],"wp:attachment":[{"href":"https:\/\/encuentroinformativo.com.mx\/index.php?rest_route=%2Fwp%2Fv2%2Fmedia&parent=47341"}],"wp:term":[{"taxonomy":"category","embeddable":true,"href":"https:\/\/encuentroinformativo.com.mx\/index.php?rest_route=%2Fwp%2Fv2%2Fcategories&post=47341"},{"taxonomy":"post_tag","embeddable":true,"href":"https:\/\/encuentroinformativo.com.mx\/index.php?rest_route=%2Fwp%2Fv2%2Ftags&post=47341"}],"curies":[{"name":"wp","href":"https:\/\/api.w.org\/{rel}","templated":true}]}}