{"id":47354,"date":"2023-11-10T08:34:47","date_gmt":"2023-11-10T14:34:47","guid":{"rendered":"https:\/\/encuentroinformativo.com.mx\/?p=47354"},"modified":"2023-11-10T08:34:48","modified_gmt":"2023-11-10T14:34:48","slug":"localizan-cinco-personas-ejecutadas-en-juchique-de-ferrer","status":"publish","type":"post","link":"https:\/\/encuentroinformativo.com.mx\/?p=47354","title":{"rendered":"Localizan cinco personas ejecutadas en Juchique de Ferrer"},"content":{"rendered":"\n<p><strong>Juan Arcos <\/strong><\/p>\n\n\n\n<p>Xalapa, Ver.- Los cad\u00e1veres de cinco personas fueron localizados a un costado de un camino de la comunidad Laguna de Farf\u00e1n, perteneciente al municipio de Juchique de Ferrer, ubicado en la zona central del estado de Veracruz.<\/p>\n\n\n\n<p>El tiradero de cuerpos provoc\u00f3 una fuerte movilizaci\u00f3n por parte de corporaciones policiacas municipales, estatales y federales en la zona, para la b\u00fasqueda y localizaci\u00f3n de los responsables de este crimen.<\/p>\n\n\n\n<p>Se trata de los restos humanos de cuatro hombres y una mujer, que presentaban huellas de violencia y fueron degollados. Los habitantes de la localidad llamaron a la polic\u00eda.<\/p>\n\n\n\n<p>Al lugar llegaron polic\u00edas ministeriales y personal de la Direcci\u00f3n General de Servicios Periciales, que depende de la Fiscal\u00eda General del Estado (FGE), dependencia estatal a cargo de Ver\u00f3nica Hern\u00e1ndez Giad\u00e1ns.<\/p>\n\n\n\n<p>La zona fue acordonada por los polic\u00edas para que los peritos iniciaran la investigaci\u00f3n correspondiente por estos hechos violentos en Juchique de Ferrer, localizado a 41 kil\u00f3metros por carretera de la ciudad de Xalapa, capital de Veracruz.<\/p>\n\n\n\n<p>Los cad\u00e1veres fueron levantados y trasladados al Servicio M\u00e9dico Forense (Semefo) de la ciudad de Misantla, donde se les practicar\u00eda la necropsia de ley y se espera que sean reclamados por sus familiares.<\/p>\n\n\n\n<p>Las v\u00edctimas a\u00fan no han sido identificadas y lo \u00fanico que ha circulado de manera extraoficial es que ten\u00edan entre 25 y 40 a\u00f1os de edad.<\/p>\n\n\n\n<p>Al momento el sitio donde fueron encontrados los cuerpos es resguardado por parte de elementos de la Secretar\u00eda de Seguridad P\u00fablica (SSP), la Secretar\u00eda de la Defensa Nacional (Sedena) y Guardia Nacional.<\/p>\n\n\n\n<h3 class=\"wp-block-heading\">M\u00c1S HECHOS VIOLENTOS<\/h3>\n\n\n\n<p>En menos de 48 horas, durante el martes y mi\u00e9rcoles de esta semana, fueron asesinadas seis personas en hechos violentos registrados en municipios de las zonas norte y sur del estado de Veracruz.<\/p>\n\n\n\n<p>Aunque autoridades estatales presumen una supuesta disminuci\u00f3n en los delitos de alto impacto durante la actual administraci\u00f3n morenista, los cr\u00edmenes contin\u00faan ocurriendo con frecuencia.<\/p>\n\n\n\n<p>De enero a septiembre se contabilizaron 637 homicidios dolosos en la entidad veracruzana, seg\u00fan cifras del Secretariado Ejecutivo del Sistema Nacional de Seguridad P\u00fablica (Sesnsp).<\/p>\n\n\n\n<p>Tres hombres fueron torturados y asesinados al interior de una casa de seguridad localizada en el municipio de Catemaco la ma\u00f1ana del mi\u00e9rcoles 8 de noviembre.<\/p>\n\n\n\n<p>Los cuerpos presentaban huellas de violencia dentro de una vivienda ubicada sobre la calle Mora, en el fraccionamiento Catemaco, sitio que fue acordonado por los elementos de seguridad.\u00a0La madrugada del pasado martes 7 de noviembre fueron asesinados a balazos un taxista y dos j\u00f3venes, de 22 y 17 a\u00f1os de edad, en el municipio de Guti\u00e9rrez Zamora, ubicado en la zona norte de la entidad.<\/p>\n\n\n\n<p>Omar e Iv\u00e1n, ambos estudiantes del CBTIS, fueron ejecutados en la colonia Las Palmas. Mientras que el chofer Marco Antonio, alias \u201cEl pato\u201d, fue asesinado al interior de la unidad de transporte p\u00fablico, en modalidad de taxi, en la congregaci\u00f3n El Ojite.<\/p>\n\n\n\n<p>En la zona norte de la entidad veracruzana han sido constantes las masacres en bares y el hallazgo de cuerpos en refrigeradores o fosas clandestinas desde que inici\u00f3 este a\u00f1o.<\/p>\n","protected":false},"excerpt":{"rendered":"<p>Juan Arcos Xalapa, Ver.- Los cad\u00e1veres de cinco personas fueron localizados a un costado de un camino de la comunidad Laguna de Farf\u00e1n, perteneciente al municipio de Juchique de Ferrer, ubicado en la zona central del estado de Veracruz. El tiradero de cuerpos provoc\u00f3 una fuerte movilizaci\u00f3n por parte de corporaciones policiacas municipales, estatales y [&hellip;]<\/p>\n","protected":false},"author":2476,"featured_media":47355,"comment_status":"open","ping_status":"open","sticky":false,"template":"","format":"standard","meta":{"_jetpack_memberships_contains_paid_content":false,"footnotes":""},"categories":[14],"tags":[],"class_list":["post-47354","post","type-post","status-publish","format-standard","has-post-thumbnail","hentry","category-policiaca"],"jetpack_featured_media_url":"https:\/\/encuentroinformativo.com.mx\/wp-content\/uploads\/2023\/11\/IMG_0575.jpg","jetpack_sharing_enabled":true,"jetpack_likes_enabled":true,"amp_enabled":true,"_links":{"self":[{"href":"https:\/\/encuentroinformativo.com.mx\/index.php?rest_route=\/wp\/v2\/posts\/47354","targetHints":{"allow":["GET"]}}],"collection":[{"href":"https:\/\/encuentroinformativo.com.mx\/index.php?rest_route=\/wp\/v2\/posts"}],"about":[{"href":"https:\/\/encuentroinformativo.com.mx\/index.php?rest_route=\/wp\/v2\/types\/post"}],"author":[{"embeddable":true,"href":"https:\/\/encuentroinformativo.com.mx\/index.php?rest_route=\/wp\/v2\/users\/2476"}],"replies":[{"embeddable":true,"href":"https:\/\/encuentroinformativo.com.mx\/index.php?rest_route=%2Fwp%2Fv2%2Fcomments&post=47354"}],"version-history":[{"count":1,"href":"https:\/\/encuentroinformativo.com.mx\/index.php?rest_route=\/wp\/v2\/posts\/47354\/revisions"}],"predecessor-version":[{"id":47356,"href":"https:\/\/encuentroinformativo.com.mx\/index.php?rest_route=\/wp\/v2\/posts\/47354\/revisions\/47356"}],"wp:featuredmedia":[{"embeddable":true,"href":"https:\/\/encuentroinformativo.com.mx\/index.php?rest_route=\/wp\/v2\/media\/47355"}],"wp:attachment":[{"href":"https:\/\/encuentroinformativo.com.mx\/index.php?rest_route=%2Fwp%2Fv2%2Fmedia&parent=47354"}],"wp:term":[{"taxonomy":"category","embeddable":true,"href":"https:\/\/encuentroinformativo.com.mx\/index.php?rest_route=%2Fwp%2Fv2%2Fcategories&post=47354"},{"taxonomy":"post_tag","embeddable":true,"href":"https:\/\/encuentroinformativo.com.mx\/index.php?rest_route=%2Fwp%2Fv2%2Ftags&post=47354"}],"curies":[{"name":"wp","href":"https:\/\/api.w.org\/{rel}","templated":true}]}}