{"id":47365,"date":"2023-11-10T12:09:19","date_gmt":"2023-11-10T18:09:19","guid":{"rendered":"https:\/\/encuentroinformativo.com.mx\/?p=47365"},"modified":"2023-11-10T12:09:21","modified_gmt":"2023-11-10T18:09:21","slug":"medio-maraton-veracruz-2024-tendra-playera-inspiradas-en-el-barrio-de-la-huaca","status":"publish","type":"post","link":"https:\/\/encuentroinformativo.com.mx\/?p=47365","title":{"rendered":"Medio Marat\u00f3n Veracruz 2024 tendr\u00e1 playera inspiradas en el Barrio de la Huaca"},"content":{"rendered":"\n<p><strong>Alejandro \u00c1vila<\/strong><\/p>\n\n\n\n<p>Veracruz, Ver.- El Comit\u00e9 Organizador del Medio Marat\u00f3n Puerto de Veracruz, present\u00f3 de manera oficial la playera y medalla que en esta edici\u00f3n n\u00famero dieciocho, est\u00e1n inspiradas en el Barrio de la Huaca, un lugar emblem\u00e1tico de la ciudad que se cre\u00f3 hace m\u00e1s de tres siglos.<\/p>\n\n\n\n<p>En conferencia de prensa, el coordinador general, Rodolfo Vel\u00e1squez Pacheco, dio a conocer que todo se encuentra listo para que se realice la carrera, la cual genera una derrama econ\u00f3mica en la zona conurbada de cerca de 45 millones de pesos, seg\u00fan estudios realizados por la Universidad Veracruzana.<\/p>\n\n\n\n<p>\u201cHay un estudio que nos hizo el favor de realizar la facultad de educaci\u00f3n f\u00edsica hace unos a\u00f1os con encuestas directas de gente que ha venido en ediciones anteriores, donde cada corredor viene en familia y estamos hablando de 3-4 personas, por lo que la derrama econ\u00f3mica que vamos a tener en relaci\u00f3n a la cantidad de corredor es cerca de 45 millones, cada familia viene gastando alrededor de 10 mil pesos\u201d.&nbsp;<\/p>\n\n\n\n<p>Vel\u00e1squez Pacheco, extendi\u00f3 la invitaci\u00f3n a todos los atletas, asociaciones, equipos del pa\u00eds y del extranjero a participar, recordando que se tiene un cupo limitado de 4 mil 500 corredores en sus diferentes categor\u00edas, por lo que inst\u00f3 a todos los runners a inscribirse, teniendo como fecha l\u00edmite el 20 de enero del 2024, un d\u00eda antes de la competencia.<\/p>\n\n\n\n<p>El coordinador general, en compa\u00f1\u00eda del grupo de autoridades invitadas, coincidieron que el Medio Marat\u00f3n Puerto de Veracruz, que cuenta con casi medio siglo de historia, se trata de la carrera pedestre de resistencia m\u00e1s emblem\u00e1tica y alegre del mundo, al realizarse en el bulevar que comprende los municipios de Veracruz y Boca del R\u00edo, frente al Golfo de M\u00e9xico.<\/p>\n\n\n\n<p>Por su parte, el artista Veracruzano Armando Riesk, creador del galard\u00f3n y estampado del jersey a otorgarse en esta media marat\u00f3n 2024, dijo sentirse agradecido por la confianza que le otorg\u00f3 el comit\u00e9 organizador, lo cual sirvi\u00f3 para encontrar la inspiraci\u00f3n para el resultado, al identificarse como parte de su propio barrio y su gente.<\/p>\n\n\n\n<p>V\u00edctor Manuel Paz Cinta, coordinador t\u00e9cnico y de log\u00edstica, confirm\u00f3 que las categor\u00edas se mantienen y que hay perfil para personas mayores de 70 a\u00f1os, lo que da oportunidad a ciudadanos de la tercera edad a seguir estimul\u00e1ndose en el \u00e1mbito deportivo y competitivo.<\/p>\n\n\n\n<p>As\u00ed mismo, record\u00f3 que est\u00e1 la premiaci\u00f3n absoluta de 50 mil, 40 mil y 30 mil pesos, aunado del bono extra de 50 mil pesos a quien rompa el r\u00e9cord, haciendo una bolsa total en premios de 360 mil pesos entre todas las categor\u00edas.<\/p>\n\n\n\n<p>La presentaci\u00f3n ante los medios de comunicaci\u00f3n se realiz\u00f3 en el Best Western Plus Riviera Veracruzana, hotel oficial sede del certamen, donde adem\u00e1s del Coordinador General y el coordinador t\u00e9cnico &#8211; log\u00edstica, tambi\u00e9n estuvo Alejandro G\u00f3mez Figueroa, Director de la Facultad de Educaci\u00f3n F\u00edsica Deporte y Recreaci\u00f3n de la Universidad Veracruzana (UV); Ernesto L\u00f3pez Mondrag\u00f3n, Director de Fomento Deportivo del municipio de Boca del R\u00edo y Antonio Salvatori Arjona, Director de Fomento Deportivo Puerto de Veracruz.<\/p>\n\n\n\n<p>Cabe se\u00f1alar que el MMPV se realizar\u00e1 este pr\u00f3ximo 21 de enero del 2024 a las 6:30 de la ma\u00f1ana, partiendo del Bulevar M. \u00c1vila Camacho casi esquina Costa Verde, para concluir en la pista de atletismo de la Facultad de Educaci\u00f3n F\u00edsica de la UV.<\/p>\n\n\n\n<p>Las inscripciones pueden realizarse en l\u00ednea a trav\u00e9s de\u00a0www.asdeporte.com,\u00a0www.mediomaratonpuertodeveracruz.com.mx\u00a0y mayor informaci\u00f3n al tel\u00e9fono 229 9 89 03 00, adem\u00e1s de la multiplataforma digital de redes sociales #MMVP2024.<\/p>\n","protected":false},"excerpt":{"rendered":"<p>Alejandro \u00c1vila Veracruz, Ver.- El Comit\u00e9 Organizador del Medio Marat\u00f3n Puerto de Veracruz, present\u00f3 de manera oficial la playera y medalla que en esta edici\u00f3n n\u00famero dieciocho, est\u00e1n inspiradas en el Barrio de la Huaca, un lugar emblem\u00e1tico de la ciudad que se cre\u00f3 hace m\u00e1s de tres siglos. En conferencia de prensa, el coordinador [&hellip;]<\/p>\n","protected":false},"author":2476,"featured_media":47366,"comment_status":"open","ping_status":"open","sticky":false,"template":"","format":"standard","meta":{"_jetpack_memberships_contains_paid_content":false,"footnotes":""},"categories":[2],"tags":[],"class_list":["post-47365","post","type-post","status-publish","format-standard","has-post-thumbnail","hentry","category-estado"],"jetpack_featured_media_url":"https:\/\/encuentroinformativo.com.mx\/wp-content\/uploads\/2023\/11\/IMG-20231110-WA0023-scaled.jpg","jetpack_sharing_enabled":true,"jetpack_likes_enabled":true,"amp_enabled":true,"_links":{"self":[{"href":"https:\/\/encuentroinformativo.com.mx\/index.php?rest_route=\/wp\/v2\/posts\/47365","targetHints":{"allow":["GET"]}}],"collection":[{"href":"https:\/\/encuentroinformativo.com.mx\/index.php?rest_route=\/wp\/v2\/posts"}],"about":[{"href":"https:\/\/encuentroinformativo.com.mx\/index.php?rest_route=\/wp\/v2\/types\/post"}],"author":[{"embeddable":true,"href":"https:\/\/encuentroinformativo.com.mx\/index.php?rest_route=\/wp\/v2\/users\/2476"}],"replies":[{"embeddable":true,"href":"https:\/\/encuentroinformativo.com.mx\/index.php?rest_route=%2Fwp%2Fv2%2Fcomments&post=47365"}],"version-history":[{"count":1,"href":"https:\/\/encuentroinformativo.com.mx\/index.php?rest_route=\/wp\/v2\/posts\/47365\/revisions"}],"predecessor-version":[{"id":47367,"href":"https:\/\/encuentroinformativo.com.mx\/index.php?rest_route=\/wp\/v2\/posts\/47365\/revisions\/47367"}],"wp:featuredmedia":[{"embeddable":true,"href":"https:\/\/encuentroinformativo.com.mx\/index.php?rest_route=\/wp\/v2\/media\/47366"}],"wp:attachment":[{"href":"https:\/\/encuentroinformativo.com.mx\/index.php?rest_route=%2Fwp%2Fv2%2Fmedia&parent=47365"}],"wp:term":[{"taxonomy":"category","embeddable":true,"href":"https:\/\/encuentroinformativo.com.mx\/index.php?rest_route=%2Fwp%2Fv2%2Fcategories&post=47365"},{"taxonomy":"post_tag","embeddable":true,"href":"https:\/\/encuentroinformativo.com.mx\/index.php?rest_route=%2Fwp%2Fv2%2Ftags&post=47365"}],"curies":[{"name":"wp","href":"https:\/\/api.w.org\/{rel}","templated":true}]}}