{"id":47368,"date":"2023-11-10T14:33:30","date_gmt":"2023-11-10T20:33:30","guid":{"rendered":"https:\/\/encuentroinformativo.com.mx\/?p=47368"},"modified":"2023-11-10T14:33:32","modified_gmt":"2023-11-10T20:33:32","slug":"solicitan-colectivos-nuevo-titular-de-comision-de-busqueda","status":"publish","type":"post","link":"https:\/\/encuentroinformativo.com.mx\/?p=47368","title":{"rendered":"Solicitan Colectivos nuevo titular de Comisi\u00f3n de B\u00fasqueda"},"content":{"rendered":"\n<p><strong>Juan Arcos <\/strong><\/p>\n\n\n\n<p>Xalapa, Ver.- Los familiares de desaparecidos se reunieron con el gobernador Cuitl\u00e1huac Garc\u00eda Jim\u00e9nez la noche del jueves 9 de noviembre, encuentro que les dej\u00f3 un \u201cmal sabor de boca\u201d, debido a que no estuvo presente la titular de la Fiscal\u00eda General del Estado (FGE), Ver\u00f3nica Hern\u00e1ndez Giad\u00e1ns.<\/p>\n\n\n\n<p>Durante el encuentro, que se llev\u00f3 a cabo en el Hotel Xalapa, de esta ciudad capital, tambi\u00e9n solicitaron la salida de la encargada de despacho de la Comisi\u00f3n Estatal de B\u00fasqueda, Brenda Cer\u00f3n Chagoya, por las deficiencias que se han registrado durante los \u00faltimos meses en el trato con los familiares de las v\u00edctimas.<\/p>\n\n\n\n<p>As\u00ed lo dio a conocer Fabiola Pensado Barrera, integrante de varios colectivos de b\u00fasqueda, quien busca a su hijo Argenis Yosimar Pensado Barrera desde el 16 de marzo de 2014 y a la fecha no hay avances en las investigaciones por parte de la Fiscal\u00eda General del Estado.<\/p>\n\n\n\n<p>La activista indic\u00f3 que, en gran parte de la reuni\u00f3n, los familiares de desaparecidos reclamaron al mandatario estatal su falta de voluntad para atender sus demandas y la ausencia del personal de la Fiscal\u00eda para dar seguimiento a los casos.<\/p>\n\n\n\n<p>Los integrantes de 32 colectivos de b\u00fasqueda tambi\u00e9n criticaron que el director de la Unidad de Servicios Periciales, H\u00e9ctor Ronzon Garc\u00eda, no acudiera a la mesa de di\u00e1logo.<\/p>\n\n\n\n<p>\u201cNo empezamos bien desde que vimos que en la mesa no estaba ni la Fiscal ni el Director de Periciales que son de los principales que ten\u00edan que estar, tan solo ah\u00ed ya hubo descontento porque se sab\u00eda perfectamente los temas que \u00edbamos a tratar\u201d.<\/p>\n\n\n\n<p>Los familiares de desaparecidos no contemplan manifestarse nuevamente y tomar el Palacio de Gobierno, como lo hicieron durante el pasado lunes y martes, debido a que les prometieron otra reuni\u00f3n con la presencia del personal de la Fiscal\u00eda.<\/p>\n\n\n\n<p>\u201cPor ahora no, se acord\u00f3 que en unas semanas tendr\u00edamos otra reuni\u00f3n y ahora s\u00ed ir\u00eda la fiscal y el director de Periciales\u201d, enfatiz\u00f3 Fabiola Pensado.<\/p>\n","protected":false},"excerpt":{"rendered":"<p>Juan Arcos Xalapa, Ver.- Los familiares de desaparecidos se reunieron con el gobernador Cuitl\u00e1huac Garc\u00eda Jim\u00e9nez la noche del jueves 9 de noviembre, encuentro que les dej\u00f3 un \u201cmal sabor de boca\u201d, debido a que no estuvo presente la titular de la Fiscal\u00eda General del Estado (FGE), Ver\u00f3nica Hern\u00e1ndez Giad\u00e1ns. Durante el encuentro, que se [&hellip;]<\/p>\n","protected":false},"author":2476,"featured_media":40416,"comment_status":"open","ping_status":"open","sticky":false,"template":"","format":"standard","meta":{"_jetpack_memberships_contains_paid_content":false,"footnotes":""},"categories":[2],"tags":[],"class_list":["post-47368","post","type-post","status-publish","format-standard","has-post-thumbnail","hentry","category-estado"],"jetpack_featured_media_url":"https:\/\/encuentroinformativo.com.mx\/wp-content\/uploads\/2023\/05\/IMG_6880.jpg","jetpack_sharing_enabled":true,"jetpack_likes_enabled":true,"amp_enabled":true,"_links":{"self":[{"href":"https:\/\/encuentroinformativo.com.mx\/index.php?rest_route=\/wp\/v2\/posts\/47368","targetHints":{"allow":["GET"]}}],"collection":[{"href":"https:\/\/encuentroinformativo.com.mx\/index.php?rest_route=\/wp\/v2\/posts"}],"about":[{"href":"https:\/\/encuentroinformativo.com.mx\/index.php?rest_route=\/wp\/v2\/types\/post"}],"author":[{"embeddable":true,"href":"https:\/\/encuentroinformativo.com.mx\/index.php?rest_route=\/wp\/v2\/users\/2476"}],"replies":[{"embeddable":true,"href":"https:\/\/encuentroinformativo.com.mx\/index.php?rest_route=%2Fwp%2Fv2%2Fcomments&post=47368"}],"version-history":[{"count":1,"href":"https:\/\/encuentroinformativo.com.mx\/index.php?rest_route=\/wp\/v2\/posts\/47368\/revisions"}],"predecessor-version":[{"id":47369,"href":"https:\/\/encuentroinformativo.com.mx\/index.php?rest_route=\/wp\/v2\/posts\/47368\/revisions\/47369"}],"wp:featuredmedia":[{"embeddable":true,"href":"https:\/\/encuentroinformativo.com.mx\/index.php?rest_route=\/wp\/v2\/media\/40416"}],"wp:attachment":[{"href":"https:\/\/encuentroinformativo.com.mx\/index.php?rest_route=%2Fwp%2Fv2%2Fmedia&parent=47368"}],"wp:term":[{"taxonomy":"category","embeddable":true,"href":"https:\/\/encuentroinformativo.com.mx\/index.php?rest_route=%2Fwp%2Fv2%2Fcategories&post=47368"},{"taxonomy":"post_tag","embeddable":true,"href":"https:\/\/encuentroinformativo.com.mx\/index.php?rest_route=%2Fwp%2Fv2%2Ftags&post=47368"}],"curies":[{"name":"wp","href":"https:\/\/api.w.org\/{rel}","templated":true}]}}