{"id":47373,"date":"2023-11-10T14:53:03","date_gmt":"2023-11-10T20:53:03","guid":{"rendered":"https:\/\/encuentroinformativo.com.mx\/?p=47373"},"modified":"2023-11-10T14:53:04","modified_gmt":"2023-11-10T20:53:04","slug":"visitara-xochitl-galvez-orizaba","status":"publish","type":"post","link":"https:\/\/encuentroinformativo.com.mx\/?p=47373","title":{"rendered":"Visitar\u00e1 X\u00f3chitl G\u00e1lvez Orizaba"},"content":{"rendered":"\n<p><strong>Dar\u00edo Pale <\/strong><\/p>\n\n\n\n<p>Xalapa, Ver.- Anuncia Juan Bueno Torio la llegada de X\u00f3chitl G\u00e1lvez a Orizaba el pr\u00f3ximo 17 de noviembre, adem\u00e1s no descarta participar en el proceso de selecci\u00f3n de candidato al gobierno de Veracruz por el Frente Amplio.<\/p>\n\n\n\n<p>En conferencia de prensa inform\u00f3 que X\u00f3chitl G\u00e1lvez vendr\u00e1 nuevamente a Veracruz, ya como precandidata a la presidencia de M\u00e9xico por el Frente Amplio por M\u00e9xico, detall\u00f3 que la legisladora federal estar\u00e1 el 17 de noviembre, en Orizaba.<\/p>\n\n\n\n<p>\u201cViene X\u00f3chitl a en un evento organizado por el Comit\u00e9 Estatal del Partido Revolucionario Institucional, ser\u00e1 en Orizaba, en el Teatro Metropolitano, y posteriormente se har\u00e1n m\u00e1s visitas a la ciudad de Xalapa, luego el sur y el norte\u201d, se\u00f1al\u00f3.<\/p>\n\n\n\n<p>Dio a conocer que el evento en el que estar\u00e1 presente lo organiza el Comit\u00e9 Municipal del PRI de R\u00edo Blanco, se\u00f1al\u00f3 que G\u00e1lvez ya recibi\u00f3 su constancia como precandidata del PAN, por lo que ya comenz\u00f3 su precampa\u00f1a.<\/p>\n\n\n\n<p>\u201cMe considero activista en la campa\u00f1a de ella y estamos invitando a toda la ciudadan\u00eda a que se sume a este programa. No soy coordinador, esto es un esfuerzo ciudadano, los ciudadanos tomamos la iniciativa de anunciar e invitar a las personas que se sumen a este proyecto\u201d, coment\u00f3.<\/p>\n\n\n\n<p>En otro orden de ideas, Bueno Torio dijo que en caso de que la selecci\u00f3n de candidato a la gubernatura del estado en Veracruz, al interior del Frente Amplio se lleve a cabo por medio de una encuesta ciudadana, \u00e9l se inscribir\u00e1 en el proceso.\u00a0<\/p>\n\n\n\n<p>\u201cJuan Bueno Torio est\u00e1 dispuesto a participar, sin duda estoy a la espera de lo que hagan los partidos en el estado de Veracruz, si en el estado se ponen de acuerdo y deciden hacer un proceso de selecci\u00f3n de candidato orientado a como fue la selecci\u00f3n de X\u00f3chitl en donde los ciudadanos participen, estoy dispuesto a participar&#8221;, coment\u00f3.<\/p>\n\n\n\n<p>Finalmente, se\u00f1al\u00f3 que habr\u00e1 que esperar si para Veracruz corresponde candidato hombre o candidata mujer, por el tema de paridad de g\u00e9nero.<\/p>\n","protected":false},"excerpt":{"rendered":"<p>Dar\u00edo Pale Xalapa, Ver.- Anuncia Juan Bueno Torio la llegada de X\u00f3chitl G\u00e1lvez a Orizaba el pr\u00f3ximo 17 de noviembre, adem\u00e1s no descarta participar en el proceso de selecci\u00f3n de candidato al gobierno de Veracruz por el Frente Amplio. En conferencia de prensa inform\u00f3 que X\u00f3chitl G\u00e1lvez vendr\u00e1 nuevamente a Veracruz, ya como precandidata a [&hellip;]<\/p>\n","protected":false},"author":2476,"featured_media":47374,"comment_status":"open","ping_status":"open","sticky":false,"template":"","format":"standard","meta":{"_jetpack_memberships_contains_paid_content":false,"footnotes":""},"categories":[2],"tags":[],"class_list":["post-47373","post","type-post","status-publish","format-standard","has-post-thumbnail","hentry","category-estado"],"jetpack_featured_media_url":"https:\/\/encuentroinformativo.com.mx\/wp-content\/uploads\/2023\/11\/IMG-20231110-WA0058.jpg","jetpack_sharing_enabled":true,"jetpack_likes_enabled":true,"amp_enabled":true,"_links":{"self":[{"href":"https:\/\/encuentroinformativo.com.mx\/index.php?rest_route=\/wp\/v2\/posts\/47373","targetHints":{"allow":["GET"]}}],"collection":[{"href":"https:\/\/encuentroinformativo.com.mx\/index.php?rest_route=\/wp\/v2\/posts"}],"about":[{"href":"https:\/\/encuentroinformativo.com.mx\/index.php?rest_route=\/wp\/v2\/types\/post"}],"author":[{"embeddable":true,"href":"https:\/\/encuentroinformativo.com.mx\/index.php?rest_route=\/wp\/v2\/users\/2476"}],"replies":[{"embeddable":true,"href":"https:\/\/encuentroinformativo.com.mx\/index.php?rest_route=%2Fwp%2Fv2%2Fcomments&post=47373"}],"version-history":[{"count":1,"href":"https:\/\/encuentroinformativo.com.mx\/index.php?rest_route=\/wp\/v2\/posts\/47373\/revisions"}],"predecessor-version":[{"id":47375,"href":"https:\/\/encuentroinformativo.com.mx\/index.php?rest_route=\/wp\/v2\/posts\/47373\/revisions\/47375"}],"wp:featuredmedia":[{"embeddable":true,"href":"https:\/\/encuentroinformativo.com.mx\/index.php?rest_route=\/wp\/v2\/media\/47374"}],"wp:attachment":[{"href":"https:\/\/encuentroinformativo.com.mx\/index.php?rest_route=%2Fwp%2Fv2%2Fmedia&parent=47373"}],"wp:term":[{"taxonomy":"category","embeddable":true,"href":"https:\/\/encuentroinformativo.com.mx\/index.php?rest_route=%2Fwp%2Fv2%2Fcategories&post=47373"},{"taxonomy":"post_tag","embeddable":true,"href":"https:\/\/encuentroinformativo.com.mx\/index.php?rest_route=%2Fwp%2Fv2%2Ftags&post=47373"}],"curies":[{"name":"wp","href":"https:\/\/api.w.org\/{rel}","templated":true}]}}