{"id":47376,"date":"2023-11-10T14:56:42","date_gmt":"2023-11-10T20:56:42","guid":{"rendered":"https:\/\/encuentroinformativo.com.mx\/?p=47376"},"modified":"2023-11-10T14:56:42","modified_gmt":"2023-11-10T20:56:42","slug":"se-reportan-hasta-10-desapariciones-por-dia-senalan-colectivos","status":"publish","type":"post","link":"https:\/\/encuentroinformativo.com.mx\/?p=47376","title":{"rendered":"Se reportan hasta 10 desapariciones por d\u00eda, se\u00f1alan Colectivos"},"content":{"rendered":"\n<p><strong>Juan Arcos <\/strong><\/p>\n\n\n\n<p>Xalapa, Ver.- Los colectivos de b\u00fasqueda reportan hasta diez desapariciones diarias en distintos puntos del estado de Veracruz.<\/p>\n\n\n\n<p>Familiares de desaparecidos indicaron que tambi\u00e9n aumentaron los casos de desapariciones masivas en la entidad veracruzana.<\/p>\n\n\n\n<p>\u201cTan solo los colectivos tenemos p\u00e1ginas donde recibimos reportes y cada colectivo evite de siete a diez reportes diarios, de los cuales a veces dos o tres aparecen, estamos hablando de siete desapariciones al d\u00eda\u201d, increparon.<\/p>\n\n\n\n<p>Los familiares de desaparecidos indicaron que durante la actual administraci\u00f3n estatal aument\u00f3 este problema, en comparaci\u00f3n con los anteriores gobiernos.<\/p>\n\n\n\n<p>Mencionaron que la Comisi\u00f3n Estatal de B\u00fasqueda ha \u201cmaquillado\u201d cifras para minimizar el problema en el estado de Veracruz.<\/p>\n\n\n\n<p>\u201cLa Comisi\u00f3n de B\u00fasqueda dio una cifra de 7 mil 500 personas desaparecidas en el estado de Veracruz y que la mayor\u00eda aparec\u00eda. La prueba est\u00e1 en en caso de Tres Valles donde son m\u00e1s de diez desaparecidos y no ha habido nada, as\u00ed como los casos de larga data\u201d, enfatizaron.<\/p>\n\n\n\n<p>Recordaron que Veracruz es uno de los estados de la Rep\u00fablica con m\u00e1s desapariciones de personas y fosas clandestinas.<\/p>\n\n\n\n<p>Los integrantes de colectivos de b\u00fasqueda tomaron el Palacio de Gobierno y cerraron el centro de Xalapa durante el lunes y martes pasado.<\/p>\n\n\n\n<p>La noche del jueves 9 de noviembre se reunieron con el gobernador Cuitl\u00e1huac Garc\u00eda Jim\u00e9nez, pero sus necesidades y demandas a\u00fan est\u00e1n por atenderse.<\/p>\n","protected":false},"excerpt":{"rendered":"<p>Juan Arcos Xalapa, Ver.- Los colectivos de b\u00fasqueda reportan hasta diez desapariciones diarias en distintos puntos del estado de Veracruz. Familiares de desaparecidos indicaron que tambi\u00e9n aumentaron los casos de desapariciones masivas en la entidad veracruzana. \u201cTan solo los colectivos tenemos p\u00e1ginas donde recibimos reportes y cada colectivo evite de siete a diez reportes diarios, [&hellip;]<\/p>\n","protected":false},"author":2476,"featured_media":47377,"comment_status":"open","ping_status":"open","sticky":false,"template":"","format":"standard","meta":{"_jetpack_memberships_contains_paid_content":false,"footnotes":""},"categories":[2],"tags":[],"class_list":["post-47376","post","type-post","status-publish","format-standard","has-post-thumbnail","hentry","category-estado"],"jetpack_featured_media_url":"https:\/\/encuentroinformativo.com.mx\/wp-content\/uploads\/2023\/11\/IMG_0293.jpg","jetpack_sharing_enabled":true,"jetpack_likes_enabled":true,"amp_enabled":true,"_links":{"self":[{"href":"https:\/\/encuentroinformativo.com.mx\/index.php?rest_route=\/wp\/v2\/posts\/47376","targetHints":{"allow":["GET"]}}],"collection":[{"href":"https:\/\/encuentroinformativo.com.mx\/index.php?rest_route=\/wp\/v2\/posts"}],"about":[{"href":"https:\/\/encuentroinformativo.com.mx\/index.php?rest_route=\/wp\/v2\/types\/post"}],"author":[{"embeddable":true,"href":"https:\/\/encuentroinformativo.com.mx\/index.php?rest_route=\/wp\/v2\/users\/2476"}],"replies":[{"embeddable":true,"href":"https:\/\/encuentroinformativo.com.mx\/index.php?rest_route=%2Fwp%2Fv2%2Fcomments&post=47376"}],"version-history":[{"count":1,"href":"https:\/\/encuentroinformativo.com.mx\/index.php?rest_route=\/wp\/v2\/posts\/47376\/revisions"}],"predecessor-version":[{"id":47378,"href":"https:\/\/encuentroinformativo.com.mx\/index.php?rest_route=\/wp\/v2\/posts\/47376\/revisions\/47378"}],"wp:featuredmedia":[{"embeddable":true,"href":"https:\/\/encuentroinformativo.com.mx\/index.php?rest_route=\/wp\/v2\/media\/47377"}],"wp:attachment":[{"href":"https:\/\/encuentroinformativo.com.mx\/index.php?rest_route=%2Fwp%2Fv2%2Fmedia&parent=47376"}],"wp:term":[{"taxonomy":"category","embeddable":true,"href":"https:\/\/encuentroinformativo.com.mx\/index.php?rest_route=%2Fwp%2Fv2%2Fcategories&post=47376"},{"taxonomy":"post_tag","embeddable":true,"href":"https:\/\/encuentroinformativo.com.mx\/index.php?rest_route=%2Fwp%2Fv2%2Ftags&post=47376"}],"curies":[{"name":"wp","href":"https:\/\/api.w.org\/{rel}","templated":true}]}}