{"id":47381,"date":"2023-11-10T15:03:50","date_gmt":"2023-11-10T21:03:50","guid":{"rendered":"https:\/\/encuentroinformativo.com.mx\/?p=47381"},"modified":"2023-11-10T15:03:51","modified_gmt":"2023-11-10T21:03:51","slug":"se-lograron-acuerdos-con-colectivos-de-busqueda-cuitlahuac-garcia","status":"publish","type":"post","link":"https:\/\/encuentroinformativo.com.mx\/?p=47381","title":{"rendered":"Se lograron acuerdos con colectivos de b\u00fasqueda: Cuitl\u00e1huac Garc\u00eda"},"content":{"rendered":"\n<p><strong>Dario Pale <\/strong><\/p>\n\n\n\n<p>Xalapa, Ver &#8211; El gobernador Cuitl\u00e1huac Garc\u00eda Jim\u00e9nez dio a conocer que ya hay acuerdos con los Colectivos de B\u00fasqueda, adem\u00e1s de que coment\u00f3 que habr\u00e1 cambios en la Comisi\u00f3n Estatal de B\u00fasqueda.<\/p>\n\n\n\n<p>En conferencia de prensa se\u00f1al\u00f3 que tras la reuni\u00f3n con colectivos de b\u00fasqueda la noche de este jueves, el gobernador adelant\u00f3 que uno de los acuerdos fue nombrar a la titular de la Comisi\u00f3n Estatal de B\u00fasqueda, adem\u00e1s de la realizaci\u00f3n de reuniones peri\u00f3dicas.<\/p>\n\n\n\n<p>&#8220;Mi compromiso fue ese, el de iniciar los acuerdos, uno de ellos es el de nombrar a la titular de la Comisi\u00f3n Estatal de B\u00fasqueda, entonces se va a iniciar&#8221;, se\u00f1al\u00f3.<\/p>\n\n\n\n<p>Aclar\u00f3 que no depende de \u00e9l todo el proceso de nombramiento, &#8220;Por lo que se deben ir buscando las formas para que se vaya dando, y el tiempo que nos tome, vamos a empujar para que sea lo m\u00e1s pronto posible tener a una titular&#8221;.<\/p>\n\n\n\n<p>Record\u00f3 Brenda Cer\u00f3n Chagoya, solo era la \u00a0encargada de despacho, &#8220;pero el acuerdo fue iniciar el proceso para el nombramiento de una titular&#8221;.<\/p>\n\n\n\n<p>Hay que recordar que el pasado lunes, los colectivos de b\u00fasqueda iniciaron acciones de bloqueos y tomas de edificios p\u00fablicos en Xalapa.<br>Por \u00faltimo cabe recordar que exig\u00edan una reuni\u00f3n con el gobernador Cuitl\u00e1huac Garc\u00eda Jim\u00e9nez, que finalmente se dio la noche de este jueves.<\/p>\n","protected":false},"excerpt":{"rendered":"<p>Dario Pale Xalapa, Ver &#8211; El gobernador Cuitl\u00e1huac Garc\u00eda Jim\u00e9nez dio a conocer que ya hay acuerdos con los Colectivos de B\u00fasqueda, adem\u00e1s de que coment\u00f3 que habr\u00e1 cambios en la Comisi\u00f3n Estatal de B\u00fasqueda. En conferencia de prensa se\u00f1al\u00f3 que tras la reuni\u00f3n con colectivos de b\u00fasqueda la noche de este jueves, el gobernador [&hellip;]<\/p>\n","protected":false},"author":2476,"featured_media":47382,"comment_status":"open","ping_status":"open","sticky":false,"template":"","format":"standard","meta":{"_jetpack_memberships_contains_paid_content":false,"footnotes":""},"categories":[2],"tags":[],"class_list":["post-47381","post","type-post","status-publish","format-standard","has-post-thumbnail","hentry","category-estado"],"jetpack_featured_media_url":"https:\/\/encuentroinformativo.com.mx\/wp-content\/uploads\/2023\/11\/IMG-20231110-WA0060.jpg","jetpack_sharing_enabled":true,"jetpack_likes_enabled":true,"amp_enabled":true,"_links":{"self":[{"href":"https:\/\/encuentroinformativo.com.mx\/index.php?rest_route=\/wp\/v2\/posts\/47381","targetHints":{"allow":["GET"]}}],"collection":[{"href":"https:\/\/encuentroinformativo.com.mx\/index.php?rest_route=\/wp\/v2\/posts"}],"about":[{"href":"https:\/\/encuentroinformativo.com.mx\/index.php?rest_route=\/wp\/v2\/types\/post"}],"author":[{"embeddable":true,"href":"https:\/\/encuentroinformativo.com.mx\/index.php?rest_route=\/wp\/v2\/users\/2476"}],"replies":[{"embeddable":true,"href":"https:\/\/encuentroinformativo.com.mx\/index.php?rest_route=%2Fwp%2Fv2%2Fcomments&post=47381"}],"version-history":[{"count":1,"href":"https:\/\/encuentroinformativo.com.mx\/index.php?rest_route=\/wp\/v2\/posts\/47381\/revisions"}],"predecessor-version":[{"id":47383,"href":"https:\/\/encuentroinformativo.com.mx\/index.php?rest_route=\/wp\/v2\/posts\/47381\/revisions\/47383"}],"wp:featuredmedia":[{"embeddable":true,"href":"https:\/\/encuentroinformativo.com.mx\/index.php?rest_route=\/wp\/v2\/media\/47382"}],"wp:attachment":[{"href":"https:\/\/encuentroinformativo.com.mx\/index.php?rest_route=%2Fwp%2Fv2%2Fmedia&parent=47381"}],"wp:term":[{"taxonomy":"category","embeddable":true,"href":"https:\/\/encuentroinformativo.com.mx\/index.php?rest_route=%2Fwp%2Fv2%2Fcategories&post=47381"},{"taxonomy":"post_tag","embeddable":true,"href":"https:\/\/encuentroinformativo.com.mx\/index.php?rest_route=%2Fwp%2Fv2%2Ftags&post=47381"}],"curies":[{"name":"wp","href":"https:\/\/api.w.org\/{rel}","templated":true}]}}