{"id":4740,"date":"2020-08-08T16:17:18","date_gmt":"2020-08-08T21:17:18","guid":{"rendered":"https:\/\/encuentroinformativo.com\/?p=4740"},"modified":"2020-08-08T16:17:21","modified_gmt":"2020-08-08T21:17:21","slug":"frena-lleva-protestas-a-plaza-lerdo","status":"publish","type":"post","link":"https:\/\/encuentroinformativo.com.mx\/?p=4740","title":{"rendered":"FRENA lleva protestas a plaza Lerdo"},"content":{"rendered":"\n<p><strong>Dar\u00edo Pale<\/strong><\/p>\n\n\n\n<p>Xalapa, Ver.- Tal y como lo hab\u00edan anunciado en el cambio de estrategia para manifestarse los integrantes del Frente Nacional Anti-AMLO (FRENA) se manifestaron en Plaza Lerdo para insistir en que la agenda de Morena a nivel federal y estatal es \u201ccriminal\u201d.<\/p>\n\n\n\n<p>Entrevistada durante la manifestaci\u00f3n la se\u00f1ora Hilda Salda\u00f1a Olmos dijo que seguir\u00e1n trabajando para detenerla \u201cdesde la causa ra\u00edz\u201d ejerciendo presi\u00f3n social, difundiendo sus acciones y evidencias de los hechos en contra de M\u00e9xico, cometidos por este r\u00e9gimen.<\/p>\n\n\n\n<p>\u201cY por la rama jur\u00eddica hemos interpuesto una denuncia de Juicio Pol\u00edtico ante la C\u00e1mara de Diputados, fue la ratificaci\u00f3n, porque hab\u00eda sido interpuesta el 13 de mayo de 2019 por el colectivo Congreso Nacional Ciudadano, lo mismo que la denuncia penal que est\u00e1 en la Fiscal\u00eda General de la Rep\u00fablica, en esta ocasi\u00f3n se present\u00f3 una ampliaci\u00f3n donde se est\u00e1n documentando los delitos que comenten los funcionarios p\u00fablicos del gobierno federal\u201d, se\u00f1al\u00f3.<\/p>\n\n\n\n<p>En el estado de Veracruz pareciera no haber gobierno puesto que el mandatario estatal \u201ces otro destructor, que es una rama del mismo \u00e1rbol\u201d, por esa raz\u00f3n, su reclamo es al gobierno federal que es la causa y ra\u00edz del problema.<\/p>\n\n\n\n<p>\u201cY ahorita nuestro objetivo es resolver el problema desde la causa real, se va el presidente L\u00f3pez Obrador, se debe convocar a nuevas elecciones y la ciudadan\u00eda debe seguir trabajando, fortaleci\u00e9ndose para el que venga exigirle que cumpla con su deber\u201d, explic\u00f3.<\/p>\n\n\n\n<p>Record\u00f3 que hace un a\u00f1o, cuestionaron a la poblaci\u00f3n lo que esperaban del gobierno de Andr\u00e9s Manuel y plantearon 13 problem\u00e1ticas que se enfrentar\u00edan de las cuales el 50 por ciento, est\u00e1n ocurriendo.<\/p>\n\n\n\n<p>\u201cEntonces vamos a la causa ra\u00edz, el gobierno de Veracruz es lo mismo, forma parte de los mismo ustedes se deben dar cuenta c\u00f3mo se informa cada a\u00f1o el subejercicio, los presupuestos municipales donde hay presidentes municipales de Morena, en el gobierno del estado, y las obras no existen\u201d, finaliz\u00f3.<\/p>\n\n\n\n<figure class=\"wp-block-image size-large\"><img loading=\"lazy\" decoding=\"async\" width=\"1126\" height=\"704\" src=\"https:\/\/i2.wp.com\/encuentroinformativo.com\/wp-content\/uploads\/2020\/08\/1771D47C-628E-45C9-AFB0-ADB39BCF6FC7.jpeg?fit=640%2C400&amp;ssl=1\" alt=\"\" class=\"wp-image-4742\" srcset=\"https:\/\/encuentroinformativo.com.mx\/wp-content\/uploads\/2020\/08\/1771D47C-628E-45C9-AFB0-ADB39BCF6FC7.jpeg 1126w, https:\/\/encuentroinformativo.com.mx\/wp-content\/uploads\/2020\/08\/1771D47C-628E-45C9-AFB0-ADB39BCF6FC7-300x188.jpeg 300w, https:\/\/encuentroinformativo.com.mx\/wp-content\/uploads\/2020\/08\/1771D47C-628E-45C9-AFB0-ADB39BCF6FC7-1024x640.jpeg 1024w, https:\/\/encuentroinformativo.com.mx\/wp-content\/uploads\/2020\/08\/1771D47C-628E-45C9-AFB0-ADB39BCF6FC7-768x480.jpeg 768w, https:\/\/encuentroinformativo.com.mx\/wp-content\/uploads\/2020\/08\/1771D47C-628E-45C9-AFB0-ADB39BCF6FC7-464x290.jpeg 464w\" sizes=\"auto, (max-width: 1126px) 100vw, 1126px\" \/><\/figure>\n\n\n\n<p><\/p>\n","protected":false},"excerpt":{"rendered":"<p>Dar\u00edo Pale Xalapa, Ver.- Tal y como lo hab\u00edan anunciado en el cambio de estrategia para manifestarse los integrantes del Frente Nacional Anti-AMLO (FRENA) se manifestaron en Plaza Lerdo para insistir en que la agenda de Morena a nivel federal y estatal es \u201ccriminal\u201d. Entrevistada durante la manifestaci\u00f3n la se\u00f1ora Hilda Salda\u00f1a Olmos dijo que [&hellip;]<\/p>\n","protected":false},"author":1,"featured_media":4741,"comment_status":"open","ping_status":"open","sticky":false,"template":"","format":"standard","meta":{"_jetpack_memberships_contains_paid_content":false,"footnotes":""},"categories":[3],"tags":[],"class_list":["post-4740","post","type-post","status-publish","format-standard","has-post-thumbnail","hentry","category-xalapa"],"jetpack_featured_media_url":"https:\/\/encuentroinformativo.com.mx\/wp-content\/uploads\/2020\/08\/72FADFBF-2F72-405D-89C8-CB812F68E5D0.jpeg","jetpack_sharing_enabled":true,"jetpack_likes_enabled":true,"amp_enabled":true,"_links":{"self":[{"href":"https:\/\/encuentroinformativo.com.mx\/index.php?rest_route=\/wp\/v2\/posts\/4740","targetHints":{"allow":["GET"]}}],"collection":[{"href":"https:\/\/encuentroinformativo.com.mx\/index.php?rest_route=\/wp\/v2\/posts"}],"about":[{"href":"https:\/\/encuentroinformativo.com.mx\/index.php?rest_route=\/wp\/v2\/types\/post"}],"author":[{"embeddable":true,"href":"https:\/\/encuentroinformativo.com.mx\/index.php?rest_route=\/wp\/v2\/users\/1"}],"replies":[{"embeddable":true,"href":"https:\/\/encuentroinformativo.com.mx\/index.php?rest_route=%2Fwp%2Fv2%2Fcomments&post=4740"}],"version-history":[{"count":1,"href":"https:\/\/encuentroinformativo.com.mx\/index.php?rest_route=\/wp\/v2\/posts\/4740\/revisions"}],"predecessor-version":[{"id":4743,"href":"https:\/\/encuentroinformativo.com.mx\/index.php?rest_route=\/wp\/v2\/posts\/4740\/revisions\/4743"}],"wp:featuredmedia":[{"embeddable":true,"href":"https:\/\/encuentroinformativo.com.mx\/index.php?rest_route=\/wp\/v2\/media\/4741"}],"wp:attachment":[{"href":"https:\/\/encuentroinformativo.com.mx\/index.php?rest_route=%2Fwp%2Fv2%2Fmedia&parent=4740"}],"wp:term":[{"taxonomy":"category","embeddable":true,"href":"https:\/\/encuentroinformativo.com.mx\/index.php?rest_route=%2Fwp%2Fv2%2Fcategories&post=4740"},{"taxonomy":"post_tag","embeddable":true,"href":"https:\/\/encuentroinformativo.com.mx\/index.php?rest_route=%2Fwp%2Fv2%2Ftags&post=4740"}],"curies":[{"name":"wp","href":"https:\/\/api.w.org\/{rel}","templated":true}]}}