{"id":47403,"date":"2023-11-11T13:10:11","date_gmt":"2023-11-11T19:10:11","guid":{"rendered":"https:\/\/encuentroinformativo.com.mx\/?p=47403"},"modified":"2023-11-11T13:11:30","modified_gmt":"2023-11-11T19:11:30","slug":"la-oposicion-debe-estar-preocupa-aqui-estamos-ocupados-afirma-coordinadora-de-la-4t","status":"publish","type":"post","link":"https:\/\/encuentroinformativo.com.mx\/?p=47403","title":{"rendered":"La oposici\u00f3n debe estar preocupada, aqu\u00ed estamos ocupados; afirma coordinadora de la 4T"},"content":{"rendered":"\n<p><strong>Dar\u00edo Pale <\/strong><\/p>\n\n\n\n<p>Xalapa, Ver.- La oposici\u00f3n debe de estar m\u00e1s preocupada ahora porque en Morena est\u00e1n ocupados, as\u00ed lo se\u00f1al\u00f3 la coordinadora de los comit\u00e9s de defensa de Cuarta Transformaci\u00f3n, Roc\u00edo Nahle Garc\u00eda.<\/p>\n\n\n\n<p>En conferencia de prensa defini\u00f3 que la oposici\u00f3n debe de estar m\u00e1s preocupada, porque en Morena est\u00e1n ocupados.<\/p>\n\n\n\n<p>&#8220;Yo voy a ser respetuosa de eso&#8230;ellos (la oposici\u00f3n), deben estar m\u00e1s preocupados, nosotros estamos ocupados ac\u00e1&#8221;, respondi\u00f3 a la pregunta de si ve competencia en la oposici\u00f3n.<\/p>\n\n\n\n<p>Por otra parte , aclar\u00f3 que todav\u00eda no tiene un coordinador de campa\u00f1a, porque todav\u00eda no son los tiempos de precampa\u00f1a.<\/p>\n\n\n\n<p>Indic\u00f3 que s\u00ed est\u00e1 conformando su equipo de trabajo, pero tiene una persona que la estar\u00e1 apoyando en ese sentido, lo cual dar\u00e1 a conocer pr\u00f3ximamente.<\/p>\n\n\n\n<p>En otro tema, tras conocer los resultados de las encuestas, en donde se defini\u00f3 que una gran mayor\u00eda de ciudadanos tiene una intenci\u00f3n de voto muy alta por Morena, con m\u00e1s del 58%; dijo que el movimiento en Veracruz est\u00e1 vivo, muy identificado con la 4T.<\/p>\n\n\n\n<p>&#8220;La agenda que vamos a presentar no s\u00f3lo va a ser interna, es una agenda para todos los veracruzanos, sociedad civil, militantes y simpatizantes&#8221;, afirm\u00f3.<\/p>\n\n\n\n<p>En otro orden de ideas sobre los colectivos de b\u00fasqueda de personas desaparecidas, la Coordinadora, defini\u00f3 que buscar\u00e1 reunirse con ellos y con todos los sectores.<\/p>\n\n\n\n<p>&#8220;Tenemos que ser responsables y enfrentar lo que tenemos para poder dar soluci\u00f3n. A lo largo de mi vida profesional y de trabajo, soy una persona que afronto y trabajo para dar soluciones&#8221;, se\u00f1al\u00f3.<\/p>\n\n\n\n<p>Finalmente coment\u00f3 que, &#8220;trabajar en conjunto, esto no es de una persona, es de todos y debemos de coadyubar&#8221;.<\/p>\n","protected":false},"excerpt":{"rendered":"<p>Dar\u00edo Pale Xalapa, Ver.- La oposici\u00f3n debe de estar m\u00e1s preocupada ahora porque en Morena est\u00e1n ocupados, as\u00ed lo se\u00f1al\u00f3 la coordinadora de los comit\u00e9s de defensa de Cuarta Transformaci\u00f3n, Roc\u00edo Nahle Garc\u00eda. En conferencia de prensa defini\u00f3 que la oposici\u00f3n debe de estar m\u00e1s preocupada, porque en Morena est\u00e1n ocupados. &#8220;Yo voy a ser [&hellip;]<\/p>\n","protected":false},"author":2476,"featured_media":47404,"comment_status":"open","ping_status":"open","sticky":false,"template":"","format":"standard","meta":{"_jetpack_memberships_contains_paid_content":false,"footnotes":""},"categories":[2],"tags":[],"class_list":["post-47403","post","type-post","status-publish","format-standard","has-post-thumbnail","hentry","category-estado"],"jetpack_featured_media_url":"https:\/\/encuentroinformativo.com.mx\/wp-content\/uploads\/2023\/11\/IMG-20231111-WA00202.jpg","jetpack_sharing_enabled":true,"jetpack_likes_enabled":true,"amp_enabled":true,"_links":{"self":[{"href":"https:\/\/encuentroinformativo.com.mx\/index.php?rest_route=\/wp\/v2\/posts\/47403","targetHints":{"allow":["GET"]}}],"collection":[{"href":"https:\/\/encuentroinformativo.com.mx\/index.php?rest_route=\/wp\/v2\/posts"}],"about":[{"href":"https:\/\/encuentroinformativo.com.mx\/index.php?rest_route=\/wp\/v2\/types\/post"}],"author":[{"embeddable":true,"href":"https:\/\/encuentroinformativo.com.mx\/index.php?rest_route=\/wp\/v2\/users\/2476"}],"replies":[{"embeddable":true,"href":"https:\/\/encuentroinformativo.com.mx\/index.php?rest_route=%2Fwp%2Fv2%2Fcomments&post=47403"}],"version-history":[{"count":2,"href":"https:\/\/encuentroinformativo.com.mx\/index.php?rest_route=\/wp\/v2\/posts\/47403\/revisions"}],"predecessor-version":[{"id":47406,"href":"https:\/\/encuentroinformativo.com.mx\/index.php?rest_route=\/wp\/v2\/posts\/47403\/revisions\/47406"}],"wp:featuredmedia":[{"embeddable":true,"href":"https:\/\/encuentroinformativo.com.mx\/index.php?rest_route=\/wp\/v2\/media\/47404"}],"wp:attachment":[{"href":"https:\/\/encuentroinformativo.com.mx\/index.php?rest_route=%2Fwp%2Fv2%2Fmedia&parent=47403"}],"wp:term":[{"taxonomy":"category","embeddable":true,"href":"https:\/\/encuentroinformativo.com.mx\/index.php?rest_route=%2Fwp%2Fv2%2Fcategories&post=47403"},{"taxonomy":"post_tag","embeddable":true,"href":"https:\/\/encuentroinformativo.com.mx\/index.php?rest_route=%2Fwp%2Fv2%2Ftags&post=47403"}],"curies":[{"name":"wp","href":"https:\/\/api.w.org\/{rel}","templated":true}]}}