{"id":47407,"date":"2023-11-11T16:15:03","date_gmt":"2023-11-11T22:15:03","guid":{"rendered":"https:\/\/encuentroinformativo.com.mx\/?p=47407"},"modified":"2023-11-11T16:15:05","modified_gmt":"2023-11-11T22:15:05","slug":"mayoria-de-maestros-estan-con-nahle-segun-zenyazen","status":"publish","type":"post","link":"https:\/\/encuentroinformativo.com.mx\/?p=47407","title":{"rendered":"Mayor\u00eda de maestros est\u00e1n con Nahle, seg\u00fan Zenyazen"},"content":{"rendered":"\n<p><strong>Dar\u00edo Pale<\/strong><\/p>\n\n\n\n<p>Xalapa, Ver.- Asegur\u00f3 de manera contundente la gran mayor\u00eda de los maestros apoyan el proyecto de Roc\u00edo Nahle, as\u00ed lo se\u00f1al\u00f3 el exsecretario de Educaci\u00f3n, Zenyazen Escobar Garc\u00eda.<\/p>\n\n\n\n<p>En entrevista afirm\u00f3 que el sector magisterial se siente contento de participar y apoyar el proyecto de la coordinadora de los comit\u00e9s de defensa de la Cuarta Transformaci\u00f3n.<\/p>\n\n\n\n<p>Confirm\u00f3 que los l\u00edderes de las organizaciones magisteriales m\u00e1s grandes del Estado se reunieron con Roc\u00edo Nahle, y detall\u00f3 que tan s\u00f3lo del Maestros con Morena (MCM) son al menos 50 mil docentes, pero record\u00f3 que el sector magisterial est\u00e1 compuesto por m\u00e1s 137 mil maestros.<\/p>\n\n\n\n<p>Aclar\u00f3 que no podr\u00eda afirmar que el cien por ciento de los trabajadores de la educaci\u00f3n vayan a apoyar el proyecto.<\/p>\n\n\n\n<p>&#8220;Si pudo hacer una refiner\u00eda, algo que parec\u00eda imposible, podr\u00e1 hacer un buen trabajo en la continuidad de la transformaci\u00f3n de Veracruz&#8221;, destac\u00f3.<\/p>\n\n\n\n<p>En cuanto a su posici\u00f3n, defini\u00f3 que apoyar\u00e1 la conformaci\u00f3n de los 12 mil 500 comit\u00e9s de Morena en los 212 municipios.<\/p>\n","protected":false},"excerpt":{"rendered":"<p>Dar\u00edo Pale Xalapa, Ver.- Asegur\u00f3 de manera contundente la gran mayor\u00eda de los maestros apoyan el proyecto de Roc\u00edo Nahle, as\u00ed lo se\u00f1al\u00f3 el exsecretario de Educaci\u00f3n, Zenyazen Escobar Garc\u00eda. En entrevista afirm\u00f3 que el sector magisterial se siente contento de participar y apoyar el proyecto de la coordinadora de los comit\u00e9s de defensa de [&hellip;]<\/p>\n","protected":false},"author":2476,"featured_media":47408,"comment_status":"open","ping_status":"open","sticky":false,"template":"","format":"standard","meta":{"_jetpack_memberships_contains_paid_content":false,"footnotes":""},"categories":[2],"tags":[],"class_list":["post-47407","post","type-post","status-publish","format-standard","has-post-thumbnail","hentry","category-estado"],"jetpack_featured_media_url":"https:\/\/encuentroinformativo.com.mx\/wp-content\/uploads\/2023\/11\/IMG-20231111-WA0042.jpg","jetpack_sharing_enabled":true,"jetpack_likes_enabled":true,"amp_enabled":true,"_links":{"self":[{"href":"https:\/\/encuentroinformativo.com.mx\/index.php?rest_route=\/wp\/v2\/posts\/47407","targetHints":{"allow":["GET"]}}],"collection":[{"href":"https:\/\/encuentroinformativo.com.mx\/index.php?rest_route=\/wp\/v2\/posts"}],"about":[{"href":"https:\/\/encuentroinformativo.com.mx\/index.php?rest_route=\/wp\/v2\/types\/post"}],"author":[{"embeddable":true,"href":"https:\/\/encuentroinformativo.com.mx\/index.php?rest_route=\/wp\/v2\/users\/2476"}],"replies":[{"embeddable":true,"href":"https:\/\/encuentroinformativo.com.mx\/index.php?rest_route=%2Fwp%2Fv2%2Fcomments&post=47407"}],"version-history":[{"count":1,"href":"https:\/\/encuentroinformativo.com.mx\/index.php?rest_route=\/wp\/v2\/posts\/47407\/revisions"}],"predecessor-version":[{"id":47409,"href":"https:\/\/encuentroinformativo.com.mx\/index.php?rest_route=\/wp\/v2\/posts\/47407\/revisions\/47409"}],"wp:featuredmedia":[{"embeddable":true,"href":"https:\/\/encuentroinformativo.com.mx\/index.php?rest_route=\/wp\/v2\/media\/47408"}],"wp:attachment":[{"href":"https:\/\/encuentroinformativo.com.mx\/index.php?rest_route=%2Fwp%2Fv2%2Fmedia&parent=47407"}],"wp:term":[{"taxonomy":"category","embeddable":true,"href":"https:\/\/encuentroinformativo.com.mx\/index.php?rest_route=%2Fwp%2Fv2%2Fcategories&post=47407"},{"taxonomy":"post_tag","embeddable":true,"href":"https:\/\/encuentroinformativo.com.mx\/index.php?rest_route=%2Fwp%2Fv2%2Ftags&post=47407"}],"curies":[{"name":"wp","href":"https:\/\/api.w.org\/{rel}","templated":true}]}}