{"id":47410,"date":"2023-11-11T16:22:11","date_gmt":"2023-11-11T22:22:11","guid":{"rendered":"https:\/\/encuentroinformativo.com.mx\/?p=47410"},"modified":"2023-11-11T16:22:12","modified_gmt":"2023-11-11T22:22:12","slug":"debemos-sumar-a-los-que-nos-faltan-manuel-huerta","status":"publish","type":"post","link":"https:\/\/encuentroinformativo.com.mx\/?p=47410","title":{"rendered":"Debemos sumar a los que nos faltan: Manuel Huerta"},"content":{"rendered":"\n<p><strong>Eirinet G\u00f3mez<\/strong><\/p>\n\n\n\n<p>Xalapa, Ver.- El coordinador de la Defensa del Federalismo en Veracruz, Manuel Huerta Ladr\u00f3n de Guevara, se pronunci\u00f3 por construir un acuerdo pol\u00edtico m\u00e1s all\u00e1 de los militantes de Morena y de los partidos aliados para continuar con la Cuarta Transformaci\u00f3n en Veracruz.<\/p>\n\n\n\n<p>&#8220;Hay que sumar a los que nos faltan, porque hay mucha gente, que aun en otra circunstancia pol\u00edtica, puede unirse a nuestro movimiento, como lo est\u00e1 planteando nuestra compa\u00f1era Claudia Sheinbaum\u201d.<\/p>\n\n\n\n<p>Ladr\u00f3n de Guevara se pronunci\u00f3 por fortalecer la 4T en Veracruz, \u201ccon mucha gente que en Veracruz, y el pa\u00eds, podr\u00e1 ahora ver las condiciones para acercarse, y hacer que este proceso sea m\u00e1s contundente y de m\u00e1s largo alcance\u201d.<\/p>\n\n\n\n<p>Mencion\u00f3 que conoce a Roc\u00edo Nahle desde hace d\u00e9cadas, \u201cy s\u00e9 de su capacidad pol\u00edtica, de su congruencia, y es lo que a mi me pone en condiciones de estar aqu\u00ed, de frente, como estar\u00e9 el resto de mi vida pol\u00edtica\u201d.<\/p>\n\n\n\n<p>El ex delegado federal en Veracruz dijo que el resultado de las encuestas presentadas por Morena, \u201cson un piso de lo que construimos, tenemos la responsabilidad de continuar construyendo una agenda, de acelerar la transformaci\u00f3n, desde una postura autocr\u00edtica\u201d.<\/p>\n\n\n\n<p>Mencion\u00f3 que su compromiso con la Cuarta Transformaci\u00f3n \u201ces acelerar el paso, es el momento en que nuestro pueblo tiene que expresar ese \u00e1nimo, ese amor, y no tengo la menor duda que los resultados al final, lo van a lograr\u201d.<\/p>\n","protected":false},"excerpt":{"rendered":"<p>Eirinet G\u00f3mez Xalapa, Ver.- El coordinador de la Defensa del Federalismo en Veracruz, Manuel Huerta Ladr\u00f3n de Guevara, se pronunci\u00f3 por construir un acuerdo pol\u00edtico m\u00e1s all\u00e1 de los militantes de Morena y de los partidos aliados para continuar con la Cuarta Transformaci\u00f3n en Veracruz. &#8220;Hay que sumar a los que nos faltan, porque hay [&hellip;]<\/p>\n","protected":false},"author":2476,"featured_media":47411,"comment_status":"open","ping_status":"open","sticky":false,"template":"","format":"standard","meta":{"_jetpack_memberships_contains_paid_content":false,"footnotes":""},"categories":[2],"tags":[],"class_list":["post-47410","post","type-post","status-publish","format-standard","has-post-thumbnail","hentry","category-estado"],"jetpack_featured_media_url":"https:\/\/encuentroinformativo.com.mx\/wp-content\/uploads\/2023\/11\/IMG-20231111-WA00252.jpg","jetpack_sharing_enabled":true,"jetpack_likes_enabled":true,"amp_enabled":true,"_links":{"self":[{"href":"https:\/\/encuentroinformativo.com.mx\/index.php?rest_route=\/wp\/v2\/posts\/47410","targetHints":{"allow":["GET"]}}],"collection":[{"href":"https:\/\/encuentroinformativo.com.mx\/index.php?rest_route=\/wp\/v2\/posts"}],"about":[{"href":"https:\/\/encuentroinformativo.com.mx\/index.php?rest_route=\/wp\/v2\/types\/post"}],"author":[{"embeddable":true,"href":"https:\/\/encuentroinformativo.com.mx\/index.php?rest_route=\/wp\/v2\/users\/2476"}],"replies":[{"embeddable":true,"href":"https:\/\/encuentroinformativo.com.mx\/index.php?rest_route=%2Fwp%2Fv2%2Fcomments&post=47410"}],"version-history":[{"count":1,"href":"https:\/\/encuentroinformativo.com.mx\/index.php?rest_route=\/wp\/v2\/posts\/47410\/revisions"}],"predecessor-version":[{"id":47412,"href":"https:\/\/encuentroinformativo.com.mx\/index.php?rest_route=\/wp\/v2\/posts\/47410\/revisions\/47412"}],"wp:featuredmedia":[{"embeddable":true,"href":"https:\/\/encuentroinformativo.com.mx\/index.php?rest_route=\/wp\/v2\/media\/47411"}],"wp:attachment":[{"href":"https:\/\/encuentroinformativo.com.mx\/index.php?rest_route=%2Fwp%2Fv2%2Fmedia&parent=47410"}],"wp:term":[{"taxonomy":"category","embeddable":true,"href":"https:\/\/encuentroinformativo.com.mx\/index.php?rest_route=%2Fwp%2Fv2%2Fcategories&post=47410"},{"taxonomy":"post_tag","embeddable":true,"href":"https:\/\/encuentroinformativo.com.mx\/index.php?rest_route=%2Fwp%2Fv2%2Ftags&post=47410"}],"curies":[{"name":"wp","href":"https:\/\/api.w.org\/{rel}","templated":true}]}}