{"id":47420,"date":"2023-11-11T18:00:55","date_gmt":"2023-11-12T00:00:55","guid":{"rendered":"https:\/\/encuentroinformativo.com.mx\/?p=47420"},"modified":"2023-11-11T18:00:56","modified_gmt":"2023-11-12T00:00:56","slug":"eleazar-guerrero-visito-cosoleacaque-con-el-foro-de-expresion-del-pueblo","status":"publish","type":"post","link":"https:\/\/encuentroinformativo.com.mx\/?p=47420","title":{"rendered":"Eleazar Guerrero  visit\u00f3 Cosoleacaque, con el Foro de Expresi\u00f3n del Pueblo"},"content":{"rendered":"\n<p>Cosoleacaque, Ver.- El Foro de Expresi\u00f3n del Pueblo lleg\u00f3 a Cosoleacaque, de la mano de UNIDOS TODOS y su dirigente estatal el maestro Eleazar Guerrero P\u00e9rez, un espacio de expresi\u00f3n que busca escuchar y dar voz a la gente de la comunidad.<\/p>\n\n\n\n<p>Este foro ha estado recorriendo las diferentes regiones del estado y visitado el norte, sur, centro y algunas zonas serranas, informando a los ciudadanos sobre los alcances y espacios de oportunidad que enfrenta la CUARTA TRANSFORMACI\u00d3N. Por ello el eje central de su an\u00e1lisis fue titulado \u201cLa Cuarta Transformaci\u00f3n y hacia d\u00f3nde vamos\u201d en este ejercicio de comunicaci\u00f3n, se destaca la importancia de nutrir y alimentar a la cuarta transformaci\u00f3n con las voces y experiencias de la gente.<\/p>\n\n\n\n<p>En su exposici\u00f3n el maestro Eleazar Guerrero P\u00e9rez record\u00f3 que durante casi 40 a\u00f1os, las pol\u00edticas equivocadas y centradas en el crecimiento econ\u00f3mico dejaron a la mayor\u00eda de los mexicanos en la pobreza, mientras solo unos pocos se beneficiaron generando un desequilibrio injusto. Dijo tambi\u00e9n que en el 2018, m\u00e1s de 30 millones de mexicanos decidieron cambiar el rumbo de M\u00e9xico y votaron por una opci\u00f3n distinta, impulsados por la revoluci\u00f3n de las conciencias.<\/p>\n\n\n\n<p>Por ello el proceso de Transformaci\u00f3n logr\u00f3 avances significativos en la reducci\u00f3n de la pobreza en M\u00e9xico y Veracruz. Inform\u00f3 que en solo cuatro a\u00f1os, m\u00e1s de 8 millones de mexicanos han salido de la pobreza, incluyendo m\u00e1s de 600 mil veracruzanos. Esto es un logro sin precedentes, ya que ning\u00fan gobierno en los \u00faltimos 50 a\u00f1os hab\u00eda logrado reducir la pobreza en M\u00e9xico.<br>Guerrero P\u00e9rez destac\u00f3 que el objetivo m\u00e1s profundo de cualquier gobierno es reducir la pobreza y generar bienestar para su pueblo. Esto a trav\u00e9s de pol\u00edticas p\u00fablicas que brinden acceso al empleo, salario justo, educaci\u00f3n, salud, vivienda y otros servicios b\u00e1sicos. El gobierno de la cuarta transformaci\u00f3n se centra en lograr esto y ha trabajado para aumentar el salario m\u00ednimo, de lo cual dijo:<br>\u201c..Hoy despu\u00e9s de cinco a\u00f1os, el salario m\u00ednimo est\u00e1 en $207 pesos, el presidente el primer a\u00f1o le subi\u00f3 casi el 40% al salario m\u00ednimo, y no se devalu\u00f3 el peso, no hubo inflaci\u00f3n, no hubo fuga de capitales, no hubo crisis econ\u00f3mica, con todo lo que nos enga\u00f1aban eso no pas\u00f3 en M\u00e9xico. Hoy est\u00e1 en $207 pesos, y el peso es la moneda m\u00e1s fuerte, el peso mexicano es la moneda m\u00e1s fuerte de todo el mundo frente al d\u00f3lar. Aquellos que dec\u00edan que el d\u00f3lar iba a estar en $26 pesos cuando Andr\u00e9s Manuel L\u00f3pez Obrador fuera gobernante hoy no saben c\u00f3mo esconderse, hoy el d\u00f3lar est\u00e1 $17.50, aquellos que dec\u00edan que la gasolina se iba a ir en $30 y tantos pesos seguimos conservando los mismos precios de la gasolina..\u201d<\/p>\n\n\n\n<p>Al finalizar su intervenci\u00f3n invit\u00f3 a los veracruzanos a aplicar el Plan C, lo cual defini\u00f3 de la siguiente manera: \u201cVamos por el plan C, el plan C consiste en el pr\u00f3ximo a\u00f1o, en el 2024, ning\u00fan apoyo de la gente a los mentirosos, ning\u00fan apoyo a los corruptos que nos enga\u00f1aron tanto, tenemos que ir todos con el movimiento de la cuarta transformaci\u00f3n, tenemos que ganar todo en el 2024, por qu\u00e9 ese es el verdadero futuro que necesitamos en Veracruz y en M\u00e9xico, y el plan C est\u00e1 f\u00e1cil de recordarlo, recuerden que es el plan C de Claudia, es el plan C de la C\u00e1mara de Diputado y Senadores, el plan C, es esa C que tenemos que pensar con la Cabeza y con el coraz\u00f3n, con el coraz\u00f3n por Veracruz, con el coraz\u00f3n coraz\u00f3n por M\u00e9xico, porque tenemos que estar m\u00e1s unidos todos que nunca. Por M\u00e9xico y por Veracruz m\u00e1s unidos todos que nunca! \u00a1Con nuestras mujeres, m\u00e1s unidos todos, que nunca con nuestro partido, con morena y con morena vamos a seguir transformando M\u00e9xico y vamos a seguir transformando Veracruz! \u00a1Muchas gracias Cosoleacaque, muchas gracias a todas y todos!<\/p>\n\n\n\n<p class=\"has-text-align-center\"><strong>Apuesta Unidos Todos a la revoluci\u00f3n de las conciencias en 2024<\/strong><\/p>\n\n\n\n<p>El Movimiento Unidos Todos lleg\u00f3 al municipio de Cosoleacaque, donde se llev\u00f3 a cabo el Foro de Expresi\u00f3n del Pueblo, cuya premisa es acercar a todas y todos los espacios para dar a conocer los resultados de la Cuarta Transformaci\u00f3n.<\/p>\n\n\n\n<p>Durante su intervenci\u00f3n, el Maestro Eleazar Guerrero P\u00e9rez puntualiz\u00f3 que los foros de expresi\u00f3n son el motivo perfecto para escuchar a la gente, \u201cUnidos todos recorre el norte, el sur, el centro, la costa y la sierra para dar a conocer los alcances logrados por la 4T y los espacios de oportunidad que a\u00fan existen\u201d., adelant\u00f3.<\/p>\n\n\n\n<p>Convencido de que los Foros de Expresi\u00f3n del Pueblo se nutren de los testimonios de la gente, asegur\u00f3 que el escuchar cada una de las voces es fundamental para dar continuidad a la 4T.<\/p>\n\n\n\n<p>\u201cLa 4t tiene que seguir nutri\u00e9ndose de la voz del pueblo, sabemos c\u00f3mo vamos pero no hay nada parecido a venir a escucharlo de la propia voz de las mujeres, j\u00f3venes, estudiantes y adultos mayores\u201d.<\/p>\n\n\n\n<p>Guerrero P\u00e9rez hizo \u00e9nfasis en no olvidar el pasado y c\u00f3mo los gobiernos anteriores acabaron con el pueblo y se enriquecieron, sobre todo porque es momento de dar continuidad al esquema de gobierno que dio inicio hace cinco a\u00f1os con el triunfo del Presidente, Andr\u00e9s Manuel L\u00f3pez Obrador.<\/p>\n\n\n\n<p>\u201cCasi 40 a\u00f1os de pol\u00edticas equivocadas y esa idea esquivada sacrificaba a la mayor\u00eda del pueblo, hab\u00eda crecimiento para unos cuantos nada m\u00e1s. Ahora le apostamos a la revoluci\u00f3n de las conciencias que nos hizo salir el 1 de julio del 2018 y cambiar la historia y el rumbo de M\u00e9xico y de Veracruz\u201d.<\/p>\n\n\n\n<p>Puntualiz\u00f3 su intervenci\u00f3n afirmando que la 4t es una realidad que est\u00e1 m\u00e1s viva que nunca y que gracias al apoyo de la gente se va a seguir impulsando, \u201choy tenemos un camino claro, hoy como nunca en M\u00e9xico y en Veracruz es tiempo de las mujeres\u201d.<\/p>\n\n\n\n<figure class=\"wp-block-image size-large\"><img loading=\"lazy\" decoding=\"async\" width=\"1024\" height=\"768\" src=\"https:\/\/encuentroinformativo.com.mx\/wp-content\/uploads\/2023\/11\/IMG-20231111-WA0071-1024x768.jpg\" alt=\"\" class=\"wp-image-47422\" srcset=\"https:\/\/encuentroinformativo.com.mx\/wp-content\/uploads\/2023\/11\/IMG-20231111-WA0071-1024x768.jpg 1024w, https:\/\/encuentroinformativo.com.mx\/wp-content\/uploads\/2023\/11\/IMG-20231111-WA0071-300x225.jpg 300w, https:\/\/encuentroinformativo.com.mx\/wp-content\/uploads\/2023\/11\/IMG-20231111-WA0071-768x576.jpg 768w, https:\/\/encuentroinformativo.com.mx\/wp-content\/uploads\/2023\/11\/IMG-20231111-WA0071-1536x1152.jpg 1536w, https:\/\/encuentroinformativo.com.mx\/wp-content\/uploads\/2023\/11\/IMG-20231111-WA0071.jpg 1600w\" sizes=\"auto, (max-width: 1024px) 100vw, 1024px\" \/><\/figure>\n","protected":false},"excerpt":{"rendered":"<p>Cosoleacaque, Ver.- El Foro de Expresi\u00f3n del Pueblo lleg\u00f3 a Cosoleacaque, de la mano de UNIDOS TODOS y su dirigente estatal el maestro Eleazar Guerrero P\u00e9rez, un espacio de expresi\u00f3n que busca escuchar y dar voz a la gente de la comunidad. Este foro ha estado recorriendo las diferentes regiones del estado y visitado el [&hellip;]<\/p>\n","protected":false},"author":2476,"featured_media":47421,"comment_status":"open","ping_status":"open","sticky":false,"template":"","format":"standard","meta":{"_jetpack_memberships_contains_paid_content":false,"footnotes":""},"categories":[2],"tags":[],"class_list":["post-47420","post","type-post","status-publish","format-standard","has-post-thumbnail","hentry","category-estado"],"jetpack_featured_media_url":"https:\/\/encuentroinformativo.com.mx\/wp-content\/uploads\/2023\/11\/IMG-20231111-WA0065.jpg","jetpack_sharing_enabled":true,"jetpack_likes_enabled":true,"amp_enabled":true,"_links":{"self":[{"href":"https:\/\/encuentroinformativo.com.mx\/index.php?rest_route=\/wp\/v2\/posts\/47420","targetHints":{"allow":["GET"]}}],"collection":[{"href":"https:\/\/encuentroinformativo.com.mx\/index.php?rest_route=\/wp\/v2\/posts"}],"about":[{"href":"https:\/\/encuentroinformativo.com.mx\/index.php?rest_route=\/wp\/v2\/types\/post"}],"author":[{"embeddable":true,"href":"https:\/\/encuentroinformativo.com.mx\/index.php?rest_route=\/wp\/v2\/users\/2476"}],"replies":[{"embeddable":true,"href":"https:\/\/encuentroinformativo.com.mx\/index.php?rest_route=%2Fwp%2Fv2%2Fcomments&post=47420"}],"version-history":[{"count":1,"href":"https:\/\/encuentroinformativo.com.mx\/index.php?rest_route=\/wp\/v2\/posts\/47420\/revisions"}],"predecessor-version":[{"id":47423,"href":"https:\/\/encuentroinformativo.com.mx\/index.php?rest_route=\/wp\/v2\/posts\/47420\/revisions\/47423"}],"wp:featuredmedia":[{"embeddable":true,"href":"https:\/\/encuentroinformativo.com.mx\/index.php?rest_route=\/wp\/v2\/media\/47421"}],"wp:attachment":[{"href":"https:\/\/encuentroinformativo.com.mx\/index.php?rest_route=%2Fwp%2Fv2%2Fmedia&parent=47420"}],"wp:term":[{"taxonomy":"category","embeddable":true,"href":"https:\/\/encuentroinformativo.com.mx\/index.php?rest_route=%2Fwp%2Fv2%2Fcategories&post=47420"},{"taxonomy":"post_tag","embeddable":true,"href":"https:\/\/encuentroinformativo.com.mx\/index.php?rest_route=%2Fwp%2Fv2%2Ftags&post=47420"}],"curies":[{"name":"wp","href":"https:\/\/api.w.org\/{rel}","templated":true}]}}