{"id":47448,"date":"2023-11-13T13:27:24","date_gmt":"2023-11-13T19:27:24","guid":{"rendered":"https:\/\/encuentroinformativo.com.mx\/?p=47448"},"modified":"2023-11-13T13:27:25","modified_gmt":"2023-11-13T19:27:25","slug":"panismo-de-luto-murio-abel-cuevas","status":"publish","type":"post","link":"https:\/\/encuentroinformativo.com.mx\/?p=47448","title":{"rendered":"Panismo de luto, muri\u00f3 Abel Cuevas"},"content":{"rendered":"\n<p><strong>Dar\u00edo Pale <\/strong><\/p>\n\n\n\n<p>Xalapa, Ver.- Fallece el panista Abel Cuevas Melo, exoficial mayor de SEV del la administraci\u00f3n de Miguel \u00c1ngel Yunes Linares, as\u00ed lo inform\u00f3 su esposa la se\u00f1ora M\u00f3nica Villa, quien por medio de las redes sociales inform\u00f3 del fallecimiento de su esposo. \u00a0<\/p>\n\n\n\n<p>En su cuenta oficial se\u00f1al\u00f3: \u201cCon profundo dolor les notifico a familiares y amigos del sensible fallecimiento de mi amado esposo Abel I. Cuevas Melo\u201d.<\/p>\n\n\n\n<p>A la edad de 58 a\u00f1os, el contador de profesi\u00f3n, oriundo de Coatepec, perdi\u00f3 la vida, por lo que su esposa e hijas comenzaron a recibir condolencias e innumerables muestras de cari\u00f1o de su familia y amigos. \u00a0<\/p>\n\n\n\n<p>Cuevas Melo fue \u00a0diputado local por el PAN, as\u00ed como diputado federal por el distrito de Veracruz, delegado de la Secretar\u00eda de Desarrollo Social, coordinador de Agenda Audiencias y Eventos Presidenciales de la Presidencia de la Rep\u00fablica.\u00a0<\/p>\n\n\n\n<p>El \u00faltimo cargo p\u00fablico del que se recuerde como oficial mayor de la Secretar\u00eda de Educaci\u00f3n en la administraci\u00f3n de Miguel \u00c1ngel Yunes Linares.<\/p>\n","protected":false},"excerpt":{"rendered":"<p>Dar\u00edo Pale Xalapa, Ver.- Fallece el panista Abel Cuevas Melo, exoficial mayor de SEV del la administraci\u00f3n de Miguel \u00c1ngel Yunes Linares, as\u00ed lo inform\u00f3 su esposa la se\u00f1ora M\u00f3nica Villa, quien por medio de las redes sociales inform\u00f3 del fallecimiento de su esposo. \u00a0 En su cuenta oficial se\u00f1al\u00f3: \u201cCon profundo dolor les notifico [&hellip;]<\/p>\n","protected":false},"author":2476,"featured_media":47449,"comment_status":"open","ping_status":"open","sticky":false,"template":"","format":"standard","meta":{"_jetpack_memberships_contains_paid_content":false,"footnotes":""},"categories":[2],"tags":[],"class_list":["post-47448","post","type-post","status-publish","format-standard","has-post-thumbnail","hentry","category-estado"],"jetpack_featured_media_url":"https:\/\/encuentroinformativo.com.mx\/wp-content\/uploads\/2023\/11\/IMG-20231113-WA0061.jpg","jetpack_sharing_enabled":true,"jetpack_likes_enabled":true,"amp_enabled":true,"_links":{"self":[{"href":"https:\/\/encuentroinformativo.com.mx\/index.php?rest_route=\/wp\/v2\/posts\/47448","targetHints":{"allow":["GET"]}}],"collection":[{"href":"https:\/\/encuentroinformativo.com.mx\/index.php?rest_route=\/wp\/v2\/posts"}],"about":[{"href":"https:\/\/encuentroinformativo.com.mx\/index.php?rest_route=\/wp\/v2\/types\/post"}],"author":[{"embeddable":true,"href":"https:\/\/encuentroinformativo.com.mx\/index.php?rest_route=\/wp\/v2\/users\/2476"}],"replies":[{"embeddable":true,"href":"https:\/\/encuentroinformativo.com.mx\/index.php?rest_route=%2Fwp%2Fv2%2Fcomments&post=47448"}],"version-history":[{"count":1,"href":"https:\/\/encuentroinformativo.com.mx\/index.php?rest_route=\/wp\/v2\/posts\/47448\/revisions"}],"predecessor-version":[{"id":47450,"href":"https:\/\/encuentroinformativo.com.mx\/index.php?rest_route=\/wp\/v2\/posts\/47448\/revisions\/47450"}],"wp:featuredmedia":[{"embeddable":true,"href":"https:\/\/encuentroinformativo.com.mx\/index.php?rest_route=\/wp\/v2\/media\/47449"}],"wp:attachment":[{"href":"https:\/\/encuentroinformativo.com.mx\/index.php?rest_route=%2Fwp%2Fv2%2Fmedia&parent=47448"}],"wp:term":[{"taxonomy":"category","embeddable":true,"href":"https:\/\/encuentroinformativo.com.mx\/index.php?rest_route=%2Fwp%2Fv2%2Fcategories&post=47448"},{"taxonomy":"post_tag","embeddable":true,"href":"https:\/\/encuentroinformativo.com.mx\/index.php?rest_route=%2Fwp%2Fv2%2Ftags&post=47448"}],"curies":[{"name":"wp","href":"https:\/\/api.w.org\/{rel}","templated":true}]}}