{"id":47451,"date":"2023-11-13T13:33:23","date_gmt":"2023-11-13T19:33:23","guid":{"rendered":"https:\/\/encuentroinformativo.com.mx\/?p=47451"},"modified":"2023-11-13T13:33:23","modified_gmt":"2023-11-13T19:33:23","slug":"condenan-colectivos-lgbt-asesinato-de-magistrade","status":"publish","type":"post","link":"https:\/\/encuentroinformativo.com.mx\/?p=47451","title":{"rendered":"Condenan colectivos LGBT asesinato de magistrade"},"content":{"rendered":"\n<p><strong>Juan Arcos <\/strong><\/p>\n\n\n\n<p>Xalapa, Ver.- Colectivos de la diversidad sexual de Veracruz condenaron el asesinato de Jes\u00fas Ociel Baena Saucedo, primer magistrade electoral de Am\u00e9rica Latina, con residencia en el estado de Aguascalientes.<\/p>\n\n\n\n<p>De acuerdo con el presidente de la Coalici\u00f3n Estatal de la Comunidad Diversa, Benjam\u00edn Callejas Hern\u00e1ndez, este crimen muestra que el pa\u00eds es transf\u00f3bico, al igual que el estado de Veracruz, donde son constantes los cr\u00edmenes de odio por homofobia.<\/p>\n\n\n\n<p>El activista se\u00f1al\u00f3 que la Rep\u00fablica Mexicana carece de pol\u00edticas p\u00fablicas transversales para evitar la discriminaci\u00f3n por homofobia y transfobia.<\/p>\n\n\n\n<p>&#8220;Lo que desencadena precisamente el discurso de odio y estos terribles decesos. La coalici\u00f3n Estatal LGBTTTIQ+ Veracruz condena en\u00e9rgicamente este tipo de hechos\u201d.<\/p>\n\n\n\n<p>Cabe recordar que el magistrade, quien laboraba en\u00a0el Tribunal Electoral de Aguascalientes, fue encontrado sin vida junto con su pareja en su domicilio este lunes 13 de noviembre, con\u00a0heridas ocasionadas por arma blanca.<\/p>\n\n\n\n<p><strong>\u201cTENEMOS TEMOR\u201d<\/strong><\/p>\n\n\n\n<p>Benjam\u00edn Callejas indic\u00f3 que los integrantes de colectivos de las diversidad sexual en Veracruz, quienes defienden los derechos de su comunidad, temen por su vida.<\/p>\n\n\n\n<p>\u201cEl magistrade, siendo una persona preparada, una persona p\u00fablica, una persona que se hab\u00eda blindado en medios de comunicaci\u00f3n, a parte de ser un experto en el derecho, desafortunadamente le quitaron la vida. Nos pone a los activistas en el ojo del hurac\u00e1n\u201d.<\/p>\n\n\n\n<p>Mencion\u00f3 que los activistas continuar\u00e1n luchando a nivel nacional para defender los derechos de su poblaci\u00f3n y evitar que persistan los cr\u00edmenes de odio por homofobia y transfobia.<\/p>\n\n\n\n<p>\u201cNos mantiene con cierto temor pero con la entereza de seguir luchando por nuestra poblaci\u00f3n, espero que el gobierno realmente tome cartas en el asunto y que el caso del magistrade sea resuelto y no sea archivado como muchos otros m\u00e1s\u201d, enfatiz\u00f3 Callejas Hern\u00e1ndez.<\/p>\n","protected":false},"excerpt":{"rendered":"<p>Juan Arcos Xalapa, Ver.- Colectivos de la diversidad sexual de Veracruz condenaron el asesinato de Jes\u00fas Ociel Baena Saucedo, primer magistrade electoral de Am\u00e9rica Latina, con residencia en el estado de Aguascalientes. De acuerdo con el presidente de la Coalici\u00f3n Estatal de la Comunidad Diversa, Benjam\u00edn Callejas Hern\u00e1ndez, este crimen muestra que el pa\u00eds es [&hellip;]<\/p>\n","protected":false},"author":2476,"featured_media":47452,"comment_status":"open","ping_status":"open","sticky":false,"template":"","format":"standard","meta":{"_jetpack_memberships_contains_paid_content":false,"footnotes":""},"categories":[12],"tags":[],"class_list":["post-47451","post","type-post","status-publish","format-standard","has-post-thumbnail","hentry","category-nacional"],"jetpack_featured_media_url":"https:\/\/encuentroinformativo.com.mx\/wp-content\/uploads\/2023\/11\/IMG_8915.jpg","jetpack_sharing_enabled":true,"jetpack_likes_enabled":true,"amp_enabled":true,"_links":{"self":[{"href":"https:\/\/encuentroinformativo.com.mx\/index.php?rest_route=\/wp\/v2\/posts\/47451","targetHints":{"allow":["GET"]}}],"collection":[{"href":"https:\/\/encuentroinformativo.com.mx\/index.php?rest_route=\/wp\/v2\/posts"}],"about":[{"href":"https:\/\/encuentroinformativo.com.mx\/index.php?rest_route=\/wp\/v2\/types\/post"}],"author":[{"embeddable":true,"href":"https:\/\/encuentroinformativo.com.mx\/index.php?rest_route=\/wp\/v2\/users\/2476"}],"replies":[{"embeddable":true,"href":"https:\/\/encuentroinformativo.com.mx\/index.php?rest_route=%2Fwp%2Fv2%2Fcomments&post=47451"}],"version-history":[{"count":1,"href":"https:\/\/encuentroinformativo.com.mx\/index.php?rest_route=\/wp\/v2\/posts\/47451\/revisions"}],"predecessor-version":[{"id":47453,"href":"https:\/\/encuentroinformativo.com.mx\/index.php?rest_route=\/wp\/v2\/posts\/47451\/revisions\/47453"}],"wp:featuredmedia":[{"embeddable":true,"href":"https:\/\/encuentroinformativo.com.mx\/index.php?rest_route=\/wp\/v2\/media\/47452"}],"wp:attachment":[{"href":"https:\/\/encuentroinformativo.com.mx\/index.php?rest_route=%2Fwp%2Fv2%2Fmedia&parent=47451"}],"wp:term":[{"taxonomy":"category","embeddable":true,"href":"https:\/\/encuentroinformativo.com.mx\/index.php?rest_route=%2Fwp%2Fv2%2Fcategories&post=47451"},{"taxonomy":"post_tag","embeddable":true,"href":"https:\/\/encuentroinformativo.com.mx\/index.php?rest_route=%2Fwp%2Fv2%2Ftags&post=47451"}],"curies":[{"name":"wp","href":"https:\/\/api.w.org\/{rel}","templated":true}]}}