{"id":47457,"date":"2023-11-13T13:44:48","date_gmt":"2023-11-13T19:44:48","guid":{"rendered":"https:\/\/encuentroinformativo.com.mx\/?p=47457"},"modified":"2023-11-13T13:44:49","modified_gmt":"2023-11-13T19:44:49","slug":"fallecio-hermano-del-diputado-gomez-cazarin","status":"publish","type":"post","link":"https:\/\/encuentroinformativo.com.mx\/?p=47457","title":{"rendered":"Falleci\u00f3 hermano del diputado G\u00f3mez Cazar\u00edn"},"content":{"rendered":"\n<p><strong>Dar\u00edo Pale <\/strong><\/p>\n\n\n\n<p>Xalapa, Ver.- Muere est\u00e1 ma\u00f1ana el diputado de Campeche, Alejandro G\u00f3mez Cazar\u00edn hermano del presidente de la Junta de la Coordinaci\u00f3n Pol\u00edtica del Congreso del Estado (JUCOPO), Juan Javier G\u00f3mez Cazar\u00edn.<\/p>\n\n\n\n<p>Con base en la informaci\u00f3n que diversos medios locales de Campeche, actores pol\u00edticos, l\u00edderes sindicales y dem\u00e1s, se sabe que el expresidente de la Junta de Coordinaci\u00f3n Pol\u00edtica en el estado de Campeche, perdi\u00f3 la vida.\u00a0\u00a0<\/p>\n\n\n\n<p>Funcionarios del gabinete estatal est\u00e1n colocando en sus redes sociales condolencias para el legislador de Morena, como la contralora general del Estado, Mercedes Santoyo, quien poste\u00f3 en sus redes sociales su p\u00e9same a la familia de Juan Javier.\u00a0\u00a0<\/p>\n\n\n\n<p>Lo que ha trascendido es que Alejandro ven\u00eda padeciendo desde hace alg\u00fan tiempo una enfermedad contra la cual habr\u00eda perdido la batalla.\u00a0\u00a0<\/p>\n\n\n\n<p>Sus restos ser\u00e1n trasladados a Hueyapan de Ocampo, municipio del que ambos pol\u00edticos son oriundos.\u00a0\u00a0<\/p>\n\n\n\n<p>Alejandro G\u00f3mez Cazar\u00edn recientemente fue destituido como presidente de la JUCOPO de Campeche, presuntamente por un conflicto con la gobernadora, Layda Sansores, por lo que en su lugar se vot\u00f3 a Antonio Jim\u00e9nez.<\/p>\n","protected":false},"excerpt":{"rendered":"<p>Dar\u00edo Pale Xalapa, Ver.- Muere est\u00e1 ma\u00f1ana el diputado de Campeche, Alejandro G\u00f3mez Cazar\u00edn hermano del presidente de la Junta de la Coordinaci\u00f3n Pol\u00edtica del Congreso del Estado (JUCOPO), Juan Javier G\u00f3mez Cazar\u00edn. Con base en la informaci\u00f3n que diversos medios locales de Campeche, actores pol\u00edticos, l\u00edderes sindicales y dem\u00e1s, se sabe que el expresidente [&hellip;]<\/p>\n","protected":false},"author":2476,"featured_media":47458,"comment_status":"open","ping_status":"open","sticky":false,"template":"","format":"standard","meta":{"_jetpack_memberships_contains_paid_content":false,"footnotes":""},"categories":[2],"tags":[],"class_list":["post-47457","post","type-post","status-publish","format-standard","has-post-thumbnail","hentry","category-estado"],"jetpack_featured_media_url":"https:\/\/encuentroinformativo.com.mx\/wp-content\/uploads\/2023\/11\/IMG-20231113-WA0060.jpg","jetpack_sharing_enabled":true,"jetpack_likes_enabled":true,"amp_enabled":true,"_links":{"self":[{"href":"https:\/\/encuentroinformativo.com.mx\/index.php?rest_route=\/wp\/v2\/posts\/47457","targetHints":{"allow":["GET"]}}],"collection":[{"href":"https:\/\/encuentroinformativo.com.mx\/index.php?rest_route=\/wp\/v2\/posts"}],"about":[{"href":"https:\/\/encuentroinformativo.com.mx\/index.php?rest_route=\/wp\/v2\/types\/post"}],"author":[{"embeddable":true,"href":"https:\/\/encuentroinformativo.com.mx\/index.php?rest_route=\/wp\/v2\/users\/2476"}],"replies":[{"embeddable":true,"href":"https:\/\/encuentroinformativo.com.mx\/index.php?rest_route=%2Fwp%2Fv2%2Fcomments&post=47457"}],"version-history":[{"count":1,"href":"https:\/\/encuentroinformativo.com.mx\/index.php?rest_route=\/wp\/v2\/posts\/47457\/revisions"}],"predecessor-version":[{"id":47459,"href":"https:\/\/encuentroinformativo.com.mx\/index.php?rest_route=\/wp\/v2\/posts\/47457\/revisions\/47459"}],"wp:featuredmedia":[{"embeddable":true,"href":"https:\/\/encuentroinformativo.com.mx\/index.php?rest_route=\/wp\/v2\/media\/47458"}],"wp:attachment":[{"href":"https:\/\/encuentroinformativo.com.mx\/index.php?rest_route=%2Fwp%2Fv2%2Fmedia&parent=47457"}],"wp:term":[{"taxonomy":"category","embeddable":true,"href":"https:\/\/encuentroinformativo.com.mx\/index.php?rest_route=%2Fwp%2Fv2%2Fcategories&post=47457"},{"taxonomy":"post_tag","embeddable":true,"href":"https:\/\/encuentroinformativo.com.mx\/index.php?rest_route=%2Fwp%2Fv2%2Ftags&post=47457"}],"curies":[{"name":"wp","href":"https:\/\/api.w.org\/{rel}","templated":true}]}}