{"id":47471,"date":"2023-11-13T19:16:01","date_gmt":"2023-11-14T01:16:01","guid":{"rendered":"https:\/\/encuentroinformativo.com.mx\/?p=47471"},"modified":"2023-11-13T19:16:02","modified_gmt":"2023-11-14T01:16:02","slug":"repunta-venta-de-libros-impresos","status":"publish","type":"post","link":"https:\/\/encuentroinformativo.com.mx\/?p=47471","title":{"rendered":"Repunta venta de libros impresos"},"content":{"rendered":"\n<p><strong>Juan Arcos <\/strong><\/p>\n\n\n\n<p>Xalapa, Ver.- Libreros de Xalapa dieron a conocer que aument\u00f3 la venta de libros impresos durante este a\u00f1o en la capital del estado de Veracruz.<\/p>\n\n\n\n<p>De acuerdo con H\u00e9ctor Leonel Reyes Mora, integrante de la Comisi\u00f3n Organizadora de la decimos\u00e9ptima edici\u00f3n de la Feria del Libro, la gente mostr\u00f3 un mayor inter\u00e9s por la lectura.<\/p>\n\n\n\n<p>Por tal motivo, durante el a\u00f1o se realizan dos ferias en la explanada del parque Benito Ju\u00e1rez, durante los meses de abril y noviembre.<\/p>\n\n\n\n<p>\u201cSe lee m\u00e1s y mejor, hay un esfuerzo m\u00e1s fuerte porque la cultura del libro impreso podr\u00eda tener una salida ante los dispositivos de lectura electr\u00f3nica que tienen m\u00e1s entrada, a veces leemos m\u00e1s en la tableta o la computadora.<\/p>\n\n\n\n<p>Vivimos a\u00f1os de cantidades masivas de libros ofert\u00e1ndose y no ser\u00eda posible porque tendr\u00edamos bodegas llenas, abarrotadas o con da\u00f1os por las condiciones clim\u00e1ticas de Xalapa, es decir, se est\u00e1n vendiendo los libros impresos\u201d, expres\u00f3.<\/p>\n\n\n\n<p>La feria del libro inici\u00f3 el pasado viernes 10 de noviembre y culminar\u00eda el pr\u00f3ximo domingo 19 de este mismo mes, donde se espera una mayor afluencia de personas durante los pr\u00f3ximos d\u00edas.<\/p>\n\n\n\n<p>La feria del libro contempla tambi\u00e9n un programa de actividades culturales y art\u00edsticas, que se llevan a cabo frente al Palacio Municipal.<\/p>\n\n\n\n<p>Adem\u00e1s, el pr\u00f3ximo viernes 17 de noviembre, a partir de las 19:00 horas, se realizar\u00e1 la venta nocturna con descuentos importantes.<\/p>\n\n\n\n<p>\u201cLa virtud de un comerciante de libros es que oferte libros econ\u00f3micos y accesibles al bolsillo de la gente. Es un reto para la inversi\u00f3n, el libro no es un gasto, es una inversi\u00f3n\u201d, consider\u00f3 Reyes Mora.<\/p>\n\n\n\n<figure class=\"wp-block-image size-large\"><img loading=\"lazy\" decoding=\"async\" width=\"1024\" height=\"768\" src=\"https:\/\/encuentroinformativo.com.mx\/wp-content\/uploads\/2023\/11\/IMG_0704-1024x768.jpg\" alt=\"\" class=\"wp-image-47473\" srcset=\"https:\/\/encuentroinformativo.com.mx\/wp-content\/uploads\/2023\/11\/IMG_0704-1024x768.jpg 1024w, https:\/\/encuentroinformativo.com.mx\/wp-content\/uploads\/2023\/11\/IMG_0704-300x225.jpg 300w, https:\/\/encuentroinformativo.com.mx\/wp-content\/uploads\/2023\/11\/IMG_0704-768x576.jpg 768w, https:\/\/encuentroinformativo.com.mx\/wp-content\/uploads\/2023\/11\/IMG_0704-1536x1152.jpg 1536w, https:\/\/encuentroinformativo.com.mx\/wp-content\/uploads\/2023\/11\/IMG_0704.jpg 2016w\" sizes=\"auto, (max-width: 1024px) 100vw, 1024px\" \/><\/figure>\n","protected":false},"excerpt":{"rendered":"<p>Juan Arcos Xalapa, Ver.- Libreros de Xalapa dieron a conocer que aument\u00f3 la venta de libros impresos durante este a\u00f1o en la capital del estado de Veracruz. De acuerdo con H\u00e9ctor Leonel Reyes Mora, integrante de la Comisi\u00f3n Organizadora de la decimos\u00e9ptima edici\u00f3n de la Feria del Libro, la gente mostr\u00f3 un mayor inter\u00e9s por [&hellip;]<\/p>\n","protected":false},"author":2476,"featured_media":47472,"comment_status":"open","ping_status":"open","sticky":false,"template":"","format":"standard","meta":{"_jetpack_memberships_contains_paid_content":false,"footnotes":""},"categories":[3],"tags":[],"class_list":["post-47471","post","type-post","status-publish","format-standard","has-post-thumbnail","hentry","category-xalapa"],"jetpack_featured_media_url":"https:\/\/encuentroinformativo.com.mx\/wp-content\/uploads\/2023\/11\/IMG_0703.jpg","jetpack_sharing_enabled":true,"jetpack_likes_enabled":true,"amp_enabled":true,"_links":{"self":[{"href":"https:\/\/encuentroinformativo.com.mx\/index.php?rest_route=\/wp\/v2\/posts\/47471","targetHints":{"allow":["GET"]}}],"collection":[{"href":"https:\/\/encuentroinformativo.com.mx\/index.php?rest_route=\/wp\/v2\/posts"}],"about":[{"href":"https:\/\/encuentroinformativo.com.mx\/index.php?rest_route=\/wp\/v2\/types\/post"}],"author":[{"embeddable":true,"href":"https:\/\/encuentroinformativo.com.mx\/index.php?rest_route=\/wp\/v2\/users\/2476"}],"replies":[{"embeddable":true,"href":"https:\/\/encuentroinformativo.com.mx\/index.php?rest_route=%2Fwp%2Fv2%2Fcomments&post=47471"}],"version-history":[{"count":1,"href":"https:\/\/encuentroinformativo.com.mx\/index.php?rest_route=\/wp\/v2\/posts\/47471\/revisions"}],"predecessor-version":[{"id":47474,"href":"https:\/\/encuentroinformativo.com.mx\/index.php?rest_route=\/wp\/v2\/posts\/47471\/revisions\/47474"}],"wp:featuredmedia":[{"embeddable":true,"href":"https:\/\/encuentroinformativo.com.mx\/index.php?rest_route=\/wp\/v2\/media\/47472"}],"wp:attachment":[{"href":"https:\/\/encuentroinformativo.com.mx\/index.php?rest_route=%2Fwp%2Fv2%2Fmedia&parent=47471"}],"wp:term":[{"taxonomy":"category","embeddable":true,"href":"https:\/\/encuentroinformativo.com.mx\/index.php?rest_route=%2Fwp%2Fv2%2Fcategories&post=47471"},{"taxonomy":"post_tag","embeddable":true,"href":"https:\/\/encuentroinformativo.com.mx\/index.php?rest_route=%2Fwp%2Fv2%2Ftags&post=47471"}],"curies":[{"name":"wp","href":"https:\/\/api.w.org\/{rel}","templated":true}]}}