{"id":47475,"date":"2023-11-13T19:26:11","date_gmt":"2023-11-14T01:26:11","guid":{"rendered":"https:\/\/encuentroinformativo.com.mx\/?p=47475"},"modified":"2023-11-13T19:26:12","modified_gmt":"2023-11-14T01:26:12","slug":"desmiente-alcalde-cambio-de-color-en-la-araucaria","status":"publish","type":"post","link":"https:\/\/encuentroinformativo.com.mx\/?p=47475","title":{"rendered":"Desmiente Alcalde cambio de color en la Araucaria"},"content":{"rendered":"\n<p><strong>Dar\u00edo Pale <\/strong><\/p>\n\n\n\n<p>Xalapa, Ver.- El presidente municipal de Xalapa, Ricardo Ahued Bardahuil desminti\u00f3 la nota que en varios medios de comunicaci\u00f3n publicaron al igual que en redes sociales sobre el cambio de color de la Araucaria, ya que solo le est\u00e1n aplicando una primera base de anti\u00f3xido y despu\u00e9s le colocaran la pintura.<\/p>\n\n\n\n<p>En conferencia de prensa se\u00f1al\u00f3 que en las redes sociales se dio a conocer, y puede ser por un error ya que no todos son expertos, hab\u00eda un comentario que estaban pintando la Araucaria, la cual es emblem\u00e1tica de la ciudad de color caf\u00e9 o rojo, lo cual es falso.<\/p>\n\n\n\n<p>Se\u00f1al\u00f3 que le est\u00e1n aplicando una primera base que se coloca primero para despu\u00e9s aplicar la pintura, para que esta se adhiera sin ninguna part\u00edcula y la proteja del \u00f3xido, por lo que solicit\u00f3 que se aclare este tema en redes sociales, no obstante aclar\u00f3 que cuando se equivocan tienen que reconocerlo y cuando hay una duda tambi\u00e9n ocupar la cobertura de los medios para poderse apoyar y aclararlo.<\/p>\n\n\n\n<p>Posiblemente algunos medios y algunos columnistas fueron mal informados y tomaron la nota de esa forma, lo cual desprestigia ambas partes y es algo que ten\u00edan que dejar en claro a todos.<\/p>\n\n\n\n<p>Se\u00f1al\u00f3 que la Araucaria tiene su raz\u00f3n de ser ya que es emblem\u00e1tica de Xalapa por lo cual no puede ser de otro color m\u00e1s que verde, record\u00f3 que dicha obra es del escultor Sebasti\u00e1n hace cerca de 15 a\u00f1os.<\/p>\n\n\n\n<p>Cabe recordar que esta obra fue inaugurada en el 2008 y cuenta con 31.4 metros de altura, y tiene un peso de 130 toneladas y representa las letras de X, de Xalapa as\u00ed como la V, de Veracruz y fue el escultor Enrique Carvajal Gonz\u00e1lez &#8220;Sebasti\u00e1n&#8221;.<\/p>\n\n\n\n<p>Finalmente se\u00f1al\u00f3 que debido a la efervescencia pol\u00edtica muchos pensaron que le est\u00e1n cambiando de color pero no es as\u00ed, adem\u00e1s agradeci\u00f3 a la ciudadan\u00eda que est\u00e1n pendientes de las acciones del ayuntamiento, lo cual quiere decir que si hacen algo mal ser\u00e1n observados por la ciudadan\u00eda.<\/p>\n\n\n\n<figure class=\"wp-block-image size-large\"><img loading=\"lazy\" decoding=\"async\" width=\"682\" height=\"1024\" src=\"https:\/\/encuentroinformativo.com.mx\/wp-content\/uploads\/2023\/11\/IMG-20231113-WA0156-682x1024.jpg\" alt=\"\" class=\"wp-image-47477\" srcset=\"https:\/\/encuentroinformativo.com.mx\/wp-content\/uploads\/2023\/11\/IMG-20231113-WA0156-682x1024.jpg 682w, https:\/\/encuentroinformativo.com.mx\/wp-content\/uploads\/2023\/11\/IMG-20231113-WA0156-200x300.jpg 200w, https:\/\/encuentroinformativo.com.mx\/wp-content\/uploads\/2023\/11\/IMG-20231113-WA0156-768x1152.jpg 768w, https:\/\/encuentroinformativo.com.mx\/wp-content\/uploads\/2023\/11\/IMG-20231113-WA0156-1024x1536.jpg 1024w, https:\/\/encuentroinformativo.com.mx\/wp-content\/uploads\/2023\/11\/IMG-20231113-WA0156-1365x2048.jpg 1365w, https:\/\/encuentroinformativo.com.mx\/wp-content\/uploads\/2023\/11\/IMG-20231113-WA0156.jpg 1706w\" sizes=\"auto, (max-width: 682px) 100vw, 682px\" \/><\/figure>\n","protected":false},"excerpt":{"rendered":"<p>Dar\u00edo Pale Xalapa, Ver.- El presidente municipal de Xalapa, Ricardo Ahued Bardahuil desminti\u00f3 la nota que en varios medios de comunicaci\u00f3n publicaron al igual que en redes sociales sobre el cambio de color de la Araucaria, ya que solo le est\u00e1n aplicando una primera base de anti\u00f3xido y despu\u00e9s le colocaran la pintura. En conferencia [&hellip;]<\/p>\n","protected":false},"author":2476,"featured_media":47476,"comment_status":"open","ping_status":"open","sticky":false,"template":"","format":"standard","meta":{"_jetpack_memberships_contains_paid_content":false,"footnotes":""},"categories":[3],"tags":[],"class_list":["post-47475","post","type-post","status-publish","format-standard","has-post-thumbnail","hentry","category-xalapa"],"jetpack_featured_media_url":"https:\/\/encuentroinformativo.com.mx\/wp-content\/uploads\/2023\/11\/IMG-20231113-WA0158.jpg","jetpack_sharing_enabled":true,"jetpack_likes_enabled":true,"amp_enabled":true,"_links":{"self":[{"href":"https:\/\/encuentroinformativo.com.mx\/index.php?rest_route=\/wp\/v2\/posts\/47475","targetHints":{"allow":["GET"]}}],"collection":[{"href":"https:\/\/encuentroinformativo.com.mx\/index.php?rest_route=\/wp\/v2\/posts"}],"about":[{"href":"https:\/\/encuentroinformativo.com.mx\/index.php?rest_route=\/wp\/v2\/types\/post"}],"author":[{"embeddable":true,"href":"https:\/\/encuentroinformativo.com.mx\/index.php?rest_route=\/wp\/v2\/users\/2476"}],"replies":[{"embeddable":true,"href":"https:\/\/encuentroinformativo.com.mx\/index.php?rest_route=%2Fwp%2Fv2%2Fcomments&post=47475"}],"version-history":[{"count":1,"href":"https:\/\/encuentroinformativo.com.mx\/index.php?rest_route=\/wp\/v2\/posts\/47475\/revisions"}],"predecessor-version":[{"id":47478,"href":"https:\/\/encuentroinformativo.com.mx\/index.php?rest_route=\/wp\/v2\/posts\/47475\/revisions\/47478"}],"wp:featuredmedia":[{"embeddable":true,"href":"https:\/\/encuentroinformativo.com.mx\/index.php?rest_route=\/wp\/v2\/media\/47476"}],"wp:attachment":[{"href":"https:\/\/encuentroinformativo.com.mx\/index.php?rest_route=%2Fwp%2Fv2%2Fmedia&parent=47475"}],"wp:term":[{"taxonomy":"category","embeddable":true,"href":"https:\/\/encuentroinformativo.com.mx\/index.php?rest_route=%2Fwp%2Fv2%2Fcategories&post=47475"},{"taxonomy":"post_tag","embeddable":true,"href":"https:\/\/encuentroinformativo.com.mx\/index.php?rest_route=%2Fwp%2Fv2%2Ftags&post=47475"}],"curies":[{"name":"wp","href":"https:\/\/api.w.org\/{rel}","templated":true}]}}